{"id":8085,"date":"2018-02-05T09:12:34","date_gmt":"2018-02-05T09:12:34","guid":{"rendered":"http:\/\/blogdorogeriogomes.com.br\/?p=8085"},"modified":"2018-02-05T09:12:34","modified_gmt":"2018-02-05T09:12:34","slug":"ministerio-do-trabalho-continua-vago-e-temer-ainda-insiste-no-nome-de-cristiane-brasil","status":"publish","type":"post","link":"https:\/\/blogdorogeriogomes.com.br\/noticias\/2018\/02\/ministerio-do-trabalho-continua-vago-e-temer-ainda-insiste-no-nome-de-cristiane-brasil\/","title":{"rendered":"Minist\u00e9rio do Trabalho continua vago e Temer ainda insiste no nome de Cristiane Brasil"},"content":{"rendered":"<p><img loading=\"lazy\" decoding=\"async\" class=\"size-medium wp-image-7829\" src=\"http:\/\/blogdorogeriogomes.com.br\/wp-content\/uploads\/2018\/01\/image-4-300x197.jpg\" alt=\"08 de Janeiro de 2018 - Plen\u00b7rio - Sess\u201eo Extraordin\u00b7ria. Cristiane.  - NACIONAL - 09NA0906  -  LUCIO BERNARDO JR\" width=\"300\" height=\"197\" srcset=\"https:\/\/blogdorogeriogomes.com.br\/noticias\/wp-content\/uploads\/2018\/01\/image-4-300x197.jpg 300w, https:\/\/blogdorogeriogomes.com.br\/noticias\/wp-content\/uploads\/2018\/01\/image-4-768x503.jpg 768w, https:\/\/blogdorogeriogomes.com.br\/noticias\/wp-content\/uploads\/2018\/01\/image-4.jpg 800w\" sizes=\"auto, (max-width: 300px) 100vw, 300px\" \/><\/p>\n<p><span style=\"font-weight: 400;\">Completa um m\u00eas que a deputada federal Cristiane Brasil (PTB-RJ) foi nomeada ministra do Trabalho pelo presidente Michel Temer, mas est\u00e1 com a posse barrada pela Justi\u00e7a devido a uma a\u00e7\u00e3o que indica que a parlamentar j\u00e1 foi condenada por processos trabalhistas.<\/span><\/p>\n<p><span style=\"font-weight: 400;\">Cristiane \u00e9 filha do mensaleiro Roberto Jefferson. A indica\u00e7\u00e3o para o Minist\u00e9rio do Trabalho faz parte da cota do PTB. No partido, 15 dos 10 deputados federais defendem que o presidente Michel Temer insista em empossar Cristiane Brasil. Mas o desgaste pol\u00edtico est\u00e1 grande e a tend\u00eancia \u00e9 aumentar.<\/span><\/p>\n<p><span style=\"font-weight: 400;\">Nesta ter\u00e7a-feira, dia 6 de fevereiro, com a retomada dos trabalhos no Congresso, prevista para esta segunda (5), os integrantes da bancada do PTB na C\u00e2mara devem se reunir para discutir o assunto.<\/span><\/p>\n","protected":false},"excerpt":{"rendered":"<p>Completa um m\u00eas que a deputada federal Cristiane Brasil (PTB-RJ) foi nomeada ministra do Trabalho pelo presidente Michel Temer, mas est\u00e1 com a posse barrada pela Justi\u00e7a devido a uma a\u00e7\u00e3o que indica que a parlamentar j\u00e1 foi condenada por processos trabalhistas. Cristiane \u00e9 filha do mensaleiro Roberto Jefferson. A indica\u00e7\u00e3o para o Minist\u00e9rio do Trabalho faz parte da cota do PTB. No partido, 15 dos 10 deputados federais defendem que o presidente Michel Temer insista em empossar Cristiane&hellip;<\/p>\n","protected":false},"author":1,"featured_media":0,"comment_status":"open","ping_status":"open","sticky":false,"template":"","format":"standard","meta":{"footnotes":""},"categories":[1],"tags":[],"class_list":["post-8085","post","type-post","status-publish","format-standard","hentry","category-noticias"],"_links":{"self":[{"href":"https:\/\/blogdorogeriogomes.com.br\/noticias\/wp-json\/wp\/v2\/posts\/8085","targetHints":{"allow":["GET"]}}],"collection":[{"href":"https:\/\/blogdorogeriogomes.com.br\/noticias\/wp-json\/wp\/v2\/posts"}],"about":[{"href":"https:\/\/blogdorogeriogomes.com.br\/noticias\/wp-json\/wp\/v2\/types\/post"}],"author":[{"embeddable":true,"href":"https:\/\/blogdorogeriogomes.com.br\/noticias\/wp-json\/wp\/v2\/users\/1"}],"replies":[{"embeddable":true,"href":"https:\/\/blogdorogeriogomes.com.br\/noticias\/wp-json\/wp\/v2\/comments?post=8085"}],"version-history":[{"count":1,"href":"https:\/\/blogdorogeriogomes.com.br\/noticias\/wp-json\/wp\/v2\/posts\/8085\/revisions"}],"predecessor-version":[{"id":8086,"href":"https:\/\/blogdorogeriogomes.com.br\/noticias\/wp-json\/wp\/v2\/posts\/8085\/revisions\/8086"}],"wp:attachment":[{"href":"https:\/\/blogdorogeriogomes.com.br\/noticias\/wp-json\/wp\/v2\/media?parent=8085"}],"wp:term":[{"taxonomy":"category","embeddable":true,"href":"https:\/\/blogdorogeriogomes.com.br\/noticias\/wp-json\/wp\/v2\/categories?post=8085"},{"taxonomy":"post_tag","embeddable":true,"href":"https:\/\/blogdorogeriogomes.com.br\/noticias\/wp-json\/wp\/v2\/tags?post=8085"}],"curies":[{"name":"wp","href":"https:\/\/api.w.org\/{rel}","templated":true}]}}