{"id":8087,"date":"2018-02-05T12:05:37","date_gmt":"2018-02-05T12:05:37","guid":{"rendered":"http:\/\/blogdorogeriogomes.com.br\/?p=8087"},"modified":"2018-02-05T12:05:37","modified_gmt":"2018-02-05T12:05:37","slug":"camilo-santana-articula-encontro-dos-governadores-do-nordeste-com-michel-temer-para-discutir-seguranca","status":"publish","type":"post","link":"https:\/\/blogdorogeriogomes.com.br\/noticias\/2018\/02\/camilo-santana-articula-encontro-dos-governadores-do-nordeste-com-michel-temer-para-discutir-seguranca\/","title":{"rendered":"Camilo Santana articula encontro dos governadores do Nordeste com Michel Temer para discutir seguran\u00e7a"},"content":{"rendered":"<p><img loading=\"lazy\" decoding=\"async\" class=\"alignnone size-medium wp-image-8041\" src=\"http:\/\/blogdorogeriogomes.com.br\/wp-content\/uploads\/2018\/01\/IMG_20180130_192417-300x134.jpg\" alt=\"IMG_20180130_192417\" width=\"300\" height=\"134\" srcset=\"https:\/\/blogdorogeriogomes.com.br\/noticias\/wp-content\/uploads\/2018\/01\/IMG_20180130_192417-300x134.jpg 300w, https:\/\/blogdorogeriogomes.com.br\/noticias\/wp-content\/uploads\/2018\/01\/IMG_20180130_192417-768x342.jpg 768w, https:\/\/blogdorogeriogomes.com.br\/noticias\/wp-content\/uploads\/2018\/01\/IMG_20180130_192417-1024x456.jpg 1024w, https:\/\/blogdorogeriogomes.com.br\/noticias\/wp-content\/uploads\/2018\/01\/IMG_20180130_192417.jpg 1142w\" sizes=\"auto, (max-width: 300px) 100vw, 300px\" \/><\/p>\n<p><span style=\"font-weight: 400;\">O governador Camilo Santana articula com governadores do Nordeste uma audi\u00eancia p\u00fablica, em Bras\u00edlia, com o Governo Federal para tratar do tema.<\/span><\/p>\n<p><span style=\"font-weight: 400;\">O governador Camilo Santana voltou a cobrar o apoio federal sobre o combate \u00e0s fac\u00e7\u00f5es criminosas. Ele disse ter ligado na manh\u00e3 desta segunda-feira, dia 5 de fevereiro, para o presidente Michel Temer. Camilo alerta que, por enquanto, n\u00e3o chegou nenhuma ajuda ao Cear\u00e1 prometida pelo Presidente da Rep\u00fablica.<\/span><\/p>\n<p><span style=\"font-weight: 400;\">Camilo Santana abriu nesta segunda-feira o ano letivo no Estado inaugurando a nova escola Doutor Gentil Barreira, no Conjunto Cear\u00e1, em Fortaleza. O estabelecimento recebeu investimento de R$ 6 milh\u00f5es e 500 mil reais. O chefe do Executivo Estadual prometeu a amplia\u00e7\u00e3o da rede com a constru\u00e7\u00e3o de novas unidades ainda este ano.<\/span><\/p>\n","protected":false},"excerpt":{"rendered":"<p>O governador Camilo Santana articula com governadores do Nordeste uma audi\u00eancia p\u00fablica, em Bras\u00edlia, com o Governo Federal para tratar do tema. O governador Camilo Santana voltou a cobrar o apoio federal sobre o combate \u00e0s fac\u00e7\u00f5es criminosas. Ele disse ter ligado na manh\u00e3 desta segunda-feira, dia 5 de fevereiro, para o presidente Michel Temer. Camilo alerta que, por enquanto, n\u00e3o chegou nenhuma ajuda ao Cear\u00e1 prometida pelo Presidente da Rep\u00fablica. Camilo Santana abriu nesta segunda-feira o ano letivo&hellip;<\/p>\n","protected":false},"author":1,"featured_media":0,"comment_status":"open","ping_status":"open","sticky":false,"template":"","format":"standard","meta":{"footnotes":""},"categories":[1],"tags":[],"class_list":["post-8087","post","type-post","status-publish","format-standard","hentry","category-noticias"],"_links":{"self":[{"href":"https:\/\/blogdorogeriogomes.com.br\/noticias\/wp-json\/wp\/v2\/posts\/8087","targetHints":{"allow":["GET"]}}],"collection":[{"href":"https:\/\/blogdorogeriogomes.com.br\/noticias\/wp-json\/wp\/v2\/posts"}],"about":[{"href":"https:\/\/blogdorogeriogomes.com.br\/noticias\/wp-json\/wp\/v2\/types\/post"}],"author":[{"embeddable":true,"href":"https:\/\/blogdorogeriogomes.com.br\/noticias\/wp-json\/wp\/v2\/users\/1"}],"replies":[{"embeddable":true,"href":"https:\/\/blogdorogeriogomes.com.br\/noticias\/wp-json\/wp\/v2\/comments?post=8087"}],"version-history":[{"count":1,"href":"https:\/\/blogdorogeriogomes.com.br\/noticias\/wp-json\/wp\/v2\/posts\/8087\/revisions"}],"predecessor-version":[{"id":8088,"href":"https:\/\/blogdorogeriogomes.com.br\/noticias\/wp-json\/wp\/v2\/posts\/8087\/revisions\/8088"}],"wp:attachment":[{"href":"https:\/\/blogdorogeriogomes.com.br\/noticias\/wp-json\/wp\/v2\/media?parent=8087"}],"wp:term":[{"taxonomy":"category","embeddable":true,"href":"https:\/\/blogdorogeriogomes.com.br\/noticias\/wp-json\/wp\/v2\/categories?post=8087"},{"taxonomy":"post_tag","embeddable":true,"href":"https:\/\/blogdorogeriogomes.com.br\/noticias\/wp-json\/wp\/v2\/tags?post=8087"}],"curies":[{"name":"wp","href":"https:\/\/api.w.org\/{rel}","templated":true}]}}