{"id":8089,"date":"2018-02-05T13:51:43","date_gmt":"2018-02-05T13:51:43","guid":{"rendered":"http:\/\/blogdorogeriogomes.com.br\/?p=8089"},"modified":"2018-02-05T13:51:43","modified_gmt":"2018-02-05T13:51:43","slug":"prefeitura-de-fortaleza-anuncia-atracoes-para-o-carnaval-2018","status":"publish","type":"post","link":"https:\/\/blogdorogeriogomes.com.br\/noticias\/2018\/02\/prefeitura-de-fortaleza-anuncia-atracoes-para-o-carnaval-2018\/","title":{"rendered":"Prefeitura de Fortaleza anuncia atra\u00e7\u00f5es para o Carnaval 2018"},"content":{"rendered":"<p><img loading=\"lazy\" decoding=\"async\" class=\"alignnone size-medium wp-image-7963\" src=\"http:\/\/blogdorogeriogomes.com.br\/wp-content\/uploads\/2018\/01\/unnamed-1-300x143.jpg\" alt=\"unnamed (1)\" width=\"300\" height=\"143\" srcset=\"https:\/\/blogdorogeriogomes.com.br\/noticias\/wp-content\/uploads\/2018\/01\/unnamed-1-300x143.jpg 300w, https:\/\/blogdorogeriogomes.com.br\/noticias\/wp-content\/uploads\/2018\/01\/unnamed-1.jpg 555w\" sizes=\"auto, (max-width: 300px) 100vw, 300px\" \/><\/p>\n<p><span style=\"font-weight: 400;\">A Prefeitura de Fortaleza anunciou nesta segunda-feira, dia 5 de fevereiro, a programa\u00e7\u00e3o do Carnaval 2018 na Capital. Est\u00e3o previstas atra\u00e7\u00f5es nacionais e locais em quatro dias de festa nos nove p\u00f3los oficiais de folia.<\/span><\/p>\n<p><span style=\"font-weight: 400;\">Os polos do Carnaval em Fortaleza s\u00e3o: Aterrinho da Praia de Iracema, Mocinha, Benfica, Domingos Olimpio, Mercado da Aerol\u00e2ndia, Mercado dos Peixes, Mercado dos Pinh\u00f5es, Mercado Joaquim T\u00e1vora e Passeio P\u00fablico. No palco principal, no Aterrinho, a programa\u00e7\u00e3o come\u00e7a sempre a partir das 5 da tarde. No s\u00e1bado, dia 10 de fevereiro, se apresentam Bloco Gera\u00e7\u00e3o Coca Cola, Travestidas e Margareth Menezes. No domingo, Las tropicanas, Luxo da Aldeia, Elba Ramalho com participa\u00e7\u00e3o de Chico Pessoa. Na segunda-feira, Os Transnacionais, Bloco dos Alfazemas e Bloco Vai Gonzag\u00e3o, com Chambinho do Acordeon e Banda, e na ter\u00e7a-feira, Banda Patrulha, Johnny Hooker e Jorge Arag\u00e3o.<\/span><\/p>\n<p><span style=\"font-weight: 400;\">A rede hoteleira de Fortaleza prev\u00ea 84% de ocupa\u00e7\u00e3o durante o Carnaval. S\u00f3 no Aeroporto Pinto Martins, 20 voos extras est\u00e3o programados para o per\u00edodo de folia. Um impacto de R$ 380 milh\u00f5es na economia local.<\/span><\/p>\n","protected":false},"excerpt":{"rendered":"<p>A Prefeitura de Fortaleza anunciou nesta segunda-feira, dia 5 de fevereiro, a programa\u00e7\u00e3o do Carnaval 2018 na Capital. Est\u00e3o previstas atra\u00e7\u00f5es nacionais e locais em quatro dias de festa nos nove p\u00f3los oficiais de folia. Os polos do Carnaval em Fortaleza s\u00e3o: Aterrinho da Praia de Iracema, Mocinha, Benfica, Domingos Olimpio, Mercado da Aerol\u00e2ndia, Mercado dos Peixes, Mercado dos Pinh\u00f5es, Mercado Joaquim T\u00e1vora e Passeio P\u00fablico. No palco principal, no Aterrinho, a programa\u00e7\u00e3o come\u00e7a sempre a partir das 5&hellip;<\/p>\n","protected":false},"author":1,"featured_media":0,"comment_status":"open","ping_status":"open","sticky":false,"template":"","format":"standard","meta":{"footnotes":""},"categories":[1],"tags":[],"class_list":["post-8089","post","type-post","status-publish","format-standard","hentry","category-noticias"],"_links":{"self":[{"href":"https:\/\/blogdorogeriogomes.com.br\/noticias\/wp-json\/wp\/v2\/posts\/8089","targetHints":{"allow":["GET"]}}],"collection":[{"href":"https:\/\/blogdorogeriogomes.com.br\/noticias\/wp-json\/wp\/v2\/posts"}],"about":[{"href":"https:\/\/blogdorogeriogomes.com.br\/noticias\/wp-json\/wp\/v2\/types\/post"}],"author":[{"embeddable":true,"href":"https:\/\/blogdorogeriogomes.com.br\/noticias\/wp-json\/wp\/v2\/users\/1"}],"replies":[{"embeddable":true,"href":"https:\/\/blogdorogeriogomes.com.br\/noticias\/wp-json\/wp\/v2\/comments?post=8089"}],"version-history":[{"count":1,"href":"https:\/\/blogdorogeriogomes.com.br\/noticias\/wp-json\/wp\/v2\/posts\/8089\/revisions"}],"predecessor-version":[{"id":8090,"href":"https:\/\/blogdorogeriogomes.com.br\/noticias\/wp-json\/wp\/v2\/posts\/8089\/revisions\/8090"}],"wp:attachment":[{"href":"https:\/\/blogdorogeriogomes.com.br\/noticias\/wp-json\/wp\/v2\/media?parent=8089"}],"wp:term":[{"taxonomy":"category","embeddable":true,"href":"https:\/\/blogdorogeriogomes.com.br\/noticias\/wp-json\/wp\/v2\/categories?post=8089"},{"taxonomy":"post_tag","embeddable":true,"href":"https:\/\/blogdorogeriogomes.com.br\/noticias\/wp-json\/wp\/v2\/tags?post=8089"}],"curies":[{"name":"wp","href":"https:\/\/api.w.org\/{rel}","templated":true}]}}