{"id":8091,"date":"2018-02-06T00:49:54","date_gmt":"2018-02-06T00:49:54","guid":{"rendered":"http:\/\/blogdorogeriogomes.com.br\/?p=8091"},"modified":"2018-02-06T00:49:54","modified_gmt":"2018-02-06T00:49:54","slug":"motorista-assegura-o-direito-de-pagar-o-seguro-dpvat-ate-a-data-do-licenciamento","status":"publish","type":"post","link":"https:\/\/blogdorogeriogomes.com.br\/noticias\/2018\/02\/motorista-assegura-o-direito-de-pagar-o-seguro-dpvat-ate-a-data-do-licenciamento\/","title":{"rendered":"Motorista assegura o direito de pagar o seguro DPVAT at\u00e9 a data do licenciamento"},"content":{"rendered":"<p><img loading=\"lazy\" decoding=\"async\" class=\"alignnone size-medium wp-image-8092\" src=\"http:\/\/blogdorogeriogomes.com.br\/wp-content\/uploads\/2018\/02\/images-24-300x169.jpeg\" alt=\"images (24)\" width=\"300\" height=\"169\" srcset=\"https:\/\/blogdorogeriogomes.com.br\/noticias\/wp-content\/uploads\/2018\/02\/images-24-300x169.jpeg 300w, https:\/\/blogdorogeriogomes.com.br\/noticias\/wp-content\/uploads\/2018\/02\/images-24.jpeg 512w\" sizes=\"auto, (max-width: 300px) 100vw, 300px\" \/><\/p>\n<p><span style=\"font-weight: 400;\">Para quem estava achando que a reuni\u00e3o proposta pelo Minist\u00e9rio P\u00fablico Federal n\u00e3o ia dar em nada, a boa not\u00edcia. Um acordo firmado entre a Pol\u00edcia Rodovi\u00e1ria Federal (PRF), o Departamento Estadual de Tr\u00e2nsito do Cear\u00e1 (Detran) e Autarquia Municipal de Tr\u00e2nsito de Fortaleza (AMC) vai permitir que os motoristas poder\u00e3o pagar o seguro DPVAT at\u00e9 a data do licenciamento, conforme aconteceu em 2017.<\/span><\/p>\n<p><span style=\"font-weight: 400;\">Na semana passada, a Justi\u00e7a Federal j\u00e1 tinha garantido o seguro a motoristas e v\u00edtimas, ainda que o tributo do ve\u00edculo envolvido no acidente n\u00e3o tenha sido quitado at\u00e9 31 de janeiro. A data de vencimento vinha sendo exigida pela Seguradora L\u00edder, que administra o DPVAT.<\/span><\/p>\n","protected":false},"excerpt":{"rendered":"<p>Para quem estava achando que a reuni\u00e3o proposta pelo Minist\u00e9rio P\u00fablico Federal n\u00e3o ia dar em nada, a boa not\u00edcia. Um acordo firmado entre a Pol\u00edcia Rodovi\u00e1ria Federal (PRF), o Departamento Estadual de Tr\u00e2nsito do Cear\u00e1 (Detran) e Autarquia Municipal de Tr\u00e2nsito de Fortaleza (AMC) vai permitir que os motoristas poder\u00e3o pagar o seguro DPVAT at\u00e9 a data do licenciamento, conforme aconteceu em 2017. Na semana passada, a Justi\u00e7a Federal j\u00e1 tinha garantido o seguro a motoristas e v\u00edtimas,&hellip;<\/p>\n","protected":false},"author":1,"featured_media":0,"comment_status":"open","ping_status":"open","sticky":false,"template":"","format":"standard","meta":{"footnotes":""},"categories":[1],"tags":[],"class_list":["post-8091","post","type-post","status-publish","format-standard","hentry","category-noticias"],"_links":{"self":[{"href":"https:\/\/blogdorogeriogomes.com.br\/noticias\/wp-json\/wp\/v2\/posts\/8091","targetHints":{"allow":["GET"]}}],"collection":[{"href":"https:\/\/blogdorogeriogomes.com.br\/noticias\/wp-json\/wp\/v2\/posts"}],"about":[{"href":"https:\/\/blogdorogeriogomes.com.br\/noticias\/wp-json\/wp\/v2\/types\/post"}],"author":[{"embeddable":true,"href":"https:\/\/blogdorogeriogomes.com.br\/noticias\/wp-json\/wp\/v2\/users\/1"}],"replies":[{"embeddable":true,"href":"https:\/\/blogdorogeriogomes.com.br\/noticias\/wp-json\/wp\/v2\/comments?post=8091"}],"version-history":[{"count":1,"href":"https:\/\/blogdorogeriogomes.com.br\/noticias\/wp-json\/wp\/v2\/posts\/8091\/revisions"}],"predecessor-version":[{"id":8093,"href":"https:\/\/blogdorogeriogomes.com.br\/noticias\/wp-json\/wp\/v2\/posts\/8091\/revisions\/8093"}],"wp:attachment":[{"href":"https:\/\/blogdorogeriogomes.com.br\/noticias\/wp-json\/wp\/v2\/media?parent=8091"}],"wp:term":[{"taxonomy":"category","embeddable":true,"href":"https:\/\/blogdorogeriogomes.com.br\/noticias\/wp-json\/wp\/v2\/categories?post=8091"},{"taxonomy":"post_tag","embeddable":true,"href":"https:\/\/blogdorogeriogomes.com.br\/noticias\/wp-json\/wp\/v2\/tags?post=8091"}],"curies":[{"name":"wp","href":"https:\/\/api.w.org\/{rel}","templated":true}]}}