{"id":8096,"date":"2018-02-06T09:03:07","date_gmt":"2018-02-06T09:03:07","guid":{"rendered":"http:\/\/blogdorogeriogomes.com.br\/?p=8096"},"modified":"2018-02-06T09:03:07","modified_gmt":"2018-02-06T09:03:07","slug":"luiz-fux-assume-o-tse-no-lugar-do-ministro-gilmar-mendes","status":"publish","type":"post","link":"https:\/\/blogdorogeriogomes.com.br\/noticias\/2018\/02\/luiz-fux-assume-o-tse-no-lugar-do-ministro-gilmar-mendes\/","title":{"rendered":"Luiz Fux assume o TSE no lugar do ministro Gilmar Mendes"},"content":{"rendered":"<p><img loading=\"lazy\" decoding=\"async\" class=\"alignnone size-full wp-image-8097\" src=\"http:\/\/blogdorogeriogomes.com.br\/wp-content\/uploads\/2018\/02\/images-25.jpeg\" alt=\"images (25)\" width=\"285\" height=\"200\" \/><\/p>\n<p><span style=\"font-weight: 400;\">Mudan\u00e7as no comando processo eleitoral para 2018. O ministro Luiz Fux assume a presid\u00eancia do Tribunal Superior Eleitoral (TSE) nesta ter\u00e7a, dia 6 de fevereiro, sob a expectativa de uma gest\u00e3o mais discreta que a do antecessor, Gilmar Mendes, e com foco na aplica\u00e7\u00e3o da Lei da Ficha Limpa.<\/span><span style=\"font-weight: 400;\"><br \/>\n<\/span><span style=\"font-weight: 400;\">O mandato do ministro termina em 15 de agosto, quando ser\u00e1 sucedido pela colega Rosa Weber, tamb\u00e9m do STF (Supremo Tribunal Federal).<\/span><span style=\"font-weight: 400;\"><br \/>\n<\/span><span style=\"font-weight: 400;\">A tend\u00eancia \u00e9 o tribunal apertar a aplica\u00e7\u00e3o da Lei da Ficha Limpa. A expectativa \u00e9 que o caso do ex-presidente Lula seja discutido somente em setembro, quando presid\u00eancia do TSE estar\u00e1 nas m\u00e3os de Rosa Weber, mas a gest\u00e3o de Fux pode ter de discutir o assunto se alguma a\u00e7\u00e3o tentar antecipar esse debate. Caber\u00e1 a Fux coordenar os trabalhos de registro de candidatura para as elei\u00e7\u00f5es.<\/span><\/p>\n","protected":false},"excerpt":{"rendered":"<p>Mudan\u00e7as no comando processo eleitoral para 2018. O ministro Luiz Fux assume a presid\u00eancia do Tribunal Superior Eleitoral (TSE) nesta ter\u00e7a, dia 6 de fevereiro, sob a expectativa de uma gest\u00e3o mais discreta que a do antecessor, Gilmar Mendes, e com foco na aplica\u00e7\u00e3o da Lei da Ficha Limpa. O mandato do ministro termina em 15 de agosto, quando ser\u00e1 sucedido pela colega Rosa Weber, tamb\u00e9m do STF (Supremo Tribunal Federal). A tend\u00eancia \u00e9 o tribunal apertar a aplica\u00e7\u00e3o&hellip;<\/p>\n","protected":false},"author":1,"featured_media":0,"comment_status":"open","ping_status":"open","sticky":false,"template":"","format":"standard","meta":{"footnotes":""},"categories":[1],"tags":[],"class_list":["post-8096","post","type-post","status-publish","format-standard","hentry","category-noticias"],"_links":{"self":[{"href":"https:\/\/blogdorogeriogomes.com.br\/noticias\/wp-json\/wp\/v2\/posts\/8096","targetHints":{"allow":["GET"]}}],"collection":[{"href":"https:\/\/blogdorogeriogomes.com.br\/noticias\/wp-json\/wp\/v2\/posts"}],"about":[{"href":"https:\/\/blogdorogeriogomes.com.br\/noticias\/wp-json\/wp\/v2\/types\/post"}],"author":[{"embeddable":true,"href":"https:\/\/blogdorogeriogomes.com.br\/noticias\/wp-json\/wp\/v2\/users\/1"}],"replies":[{"embeddable":true,"href":"https:\/\/blogdorogeriogomes.com.br\/noticias\/wp-json\/wp\/v2\/comments?post=8096"}],"version-history":[{"count":1,"href":"https:\/\/blogdorogeriogomes.com.br\/noticias\/wp-json\/wp\/v2\/posts\/8096\/revisions"}],"predecessor-version":[{"id":8098,"href":"https:\/\/blogdorogeriogomes.com.br\/noticias\/wp-json\/wp\/v2\/posts\/8096\/revisions\/8098"}],"wp:attachment":[{"href":"https:\/\/blogdorogeriogomes.com.br\/noticias\/wp-json\/wp\/v2\/media?parent=8096"}],"wp:term":[{"taxonomy":"category","embeddable":true,"href":"https:\/\/blogdorogeriogomes.com.br\/noticias\/wp-json\/wp\/v2\/categories?post=8096"},{"taxonomy":"post_tag","embeddable":true,"href":"https:\/\/blogdorogeriogomes.com.br\/noticias\/wp-json\/wp\/v2\/tags?post=8096"}],"curies":[{"name":"wp","href":"https:\/\/api.w.org\/{rel}","templated":true}]}}