{"id":8106,"date":"2018-02-06T13:19:23","date_gmt":"2018-02-06T13:19:23","guid":{"rendered":"http:\/\/blogdorogeriogomes.com.br\/?p=8106"},"modified":"2018-02-06T13:19:23","modified_gmt":"2018-02-06T13:19:23","slug":"reserva-indigena-dos-anace-recebe-nova-area-com-infraestrutura-em-caucaia","status":"publish","type":"post","link":"https:\/\/blogdorogeriogomes.com.br\/noticias\/2018\/02\/reserva-indigena-dos-anace-recebe-nova-area-com-infraestrutura-em-caucaia\/","title":{"rendered":"Reserva ind\u00edgena dos Anac\u00e9 recebe nova \u00e1rea com infraestrutura em Caucaia"},"content":{"rendered":"<p><img loading=\"lazy\" decoding=\"async\" class=\"alignnone size-medium wp-image-8107\" src=\"http:\/\/blogdorogeriogomes.com.br\/wp-content\/uploads\/2018\/02\/IMG_20180206_100610-300x170.jpg\" alt=\"IMG_20180206_100610\" width=\"300\" height=\"170\" srcset=\"https:\/\/blogdorogeriogomes.com.br\/noticias\/wp-content\/uploads\/2018\/02\/IMG_20180206_100610-300x170.jpg 300w, https:\/\/blogdorogeriogomes.com.br\/noticias\/wp-content\/uploads\/2018\/02\/IMG_20180206_100610-768x434.jpg 768w, https:\/\/blogdorogeriogomes.com.br\/noticias\/wp-content\/uploads\/2018\/02\/IMG_20180206_100610-1024x579.jpg 1024w, https:\/\/blogdorogeriogomes.com.br\/noticias\/wp-content\/uploads\/2018\/02\/IMG_20180206_100610.jpg 1269w\" sizes=\"auto, (max-width: 300px) 100vw, 300px\" \/><\/p>\n<p><span style=\"font-weight: 400;\">O Governo do Estado entregou, nesta ter\u00e7a-feira, dia 6 de fevereiro, a nova Reserva Ind\u00edgena dos Anac\u00e9. A comunidade ind\u00edgena ocupava a \u00e1rea onde seria instalada uma refinaria, no Complexo Portu\u00e1rio do Pec\u00e9m.<\/span><\/p>\n<p><span style=\"font-weight: 400;\">A \u00e1rea dos Anac\u00e9, localizada no quil\u00f4metro 13 da CE-085, em Caucaia, possui 543 hectares e ir\u00e1 abrigar quatro aldeias: Baixa das Carna\u00fabas, Currupi\u00e3o, Mat\u00f5es e Bolso. A nova Reserva Anac\u00e9 conta com 163 unidades habitacionais, de 80 metros quadrados de \u00e1rea cada, uma escola, um posto de sa\u00fade, acesso vi\u00e1rio, vias internas, al\u00e9m de sistemas de energia el\u00e9trica, ilumina\u00e7\u00e3o p\u00fablica, \u00e1gua, esgoto e drenagem. O terreno foi adquirido pelo Governo do Cear\u00e1, que investiu cerca de R$ 14 milh\u00f5es de reais (R$ 14.292.308,85) em obras.<\/span><\/p>\n<p><span style=\"font-weight: 400;\">A comunidade ind\u00edgena dos Anac\u00e9 ocupava a \u00e1rea onde seria instalada uma refinaria, no Complexo Portu\u00e1rio do Pec\u00e9m. A transfer\u00eancia para o novo local s\u00f3 foi poss\u00edvel atrav\u00e9s de uma parceria com a Funai.<\/span><\/p>\n<p><span style=\"font-weight: 400;\">O governador Camilo Santana ainda busca parceiros internacionais para viabilizar a constru\u00e7\u00e3o da refinaria no Pec\u00e9m e pretende utilizar a mesma \u00e1rea que seria utilizada anteriormente pela Petrobras.<\/span><\/p>\n","protected":false},"excerpt":{"rendered":"<p>O Governo do Estado entregou, nesta ter\u00e7a-feira, dia 6 de fevereiro, a nova Reserva Ind\u00edgena dos Anac\u00e9. A comunidade ind\u00edgena ocupava a \u00e1rea onde seria instalada uma refinaria, no Complexo Portu\u00e1rio do Pec\u00e9m. A \u00e1rea dos Anac\u00e9, localizada no quil\u00f4metro 13 da CE-085, em Caucaia, possui 543 hectares e ir\u00e1 abrigar quatro aldeias: Baixa das Carna\u00fabas, Currupi\u00e3o, Mat\u00f5es e Bolso. A nova Reserva Anac\u00e9 conta com 163 unidades habitacionais, de 80 metros quadrados de \u00e1rea cada, uma escola, um&hellip;<\/p>\n","protected":false},"author":1,"featured_media":0,"comment_status":"open","ping_status":"open","sticky":false,"template":"","format":"standard","meta":{"footnotes":""},"categories":[1],"tags":[],"class_list":["post-8106","post","type-post","status-publish","format-standard","hentry","category-noticias"],"_links":{"self":[{"href":"https:\/\/blogdorogeriogomes.com.br\/noticias\/wp-json\/wp\/v2\/posts\/8106","targetHints":{"allow":["GET"]}}],"collection":[{"href":"https:\/\/blogdorogeriogomes.com.br\/noticias\/wp-json\/wp\/v2\/posts"}],"about":[{"href":"https:\/\/blogdorogeriogomes.com.br\/noticias\/wp-json\/wp\/v2\/types\/post"}],"author":[{"embeddable":true,"href":"https:\/\/blogdorogeriogomes.com.br\/noticias\/wp-json\/wp\/v2\/users\/1"}],"replies":[{"embeddable":true,"href":"https:\/\/blogdorogeriogomes.com.br\/noticias\/wp-json\/wp\/v2\/comments?post=8106"}],"version-history":[{"count":1,"href":"https:\/\/blogdorogeriogomes.com.br\/noticias\/wp-json\/wp\/v2\/posts\/8106\/revisions"}],"predecessor-version":[{"id":8108,"href":"https:\/\/blogdorogeriogomes.com.br\/noticias\/wp-json\/wp\/v2\/posts\/8106\/revisions\/8108"}],"wp:attachment":[{"href":"https:\/\/blogdorogeriogomes.com.br\/noticias\/wp-json\/wp\/v2\/media?parent=8106"}],"wp:term":[{"taxonomy":"category","embeddable":true,"href":"https:\/\/blogdorogeriogomes.com.br\/noticias\/wp-json\/wp\/v2\/categories?post=8106"},{"taxonomy":"post_tag","embeddable":true,"href":"https:\/\/blogdorogeriogomes.com.br\/noticias\/wp-json\/wp\/v2\/tags?post=8106"}],"curies":[{"name":"wp","href":"https:\/\/api.w.org\/{rel}","templated":true}]}}