{"id":8115,"date":"2018-02-07T08:53:22","date_gmt":"2018-02-07T08:53:22","guid":{"rendered":"http:\/\/blogdorogeriogomes.com.br\/?p=8115"},"modified":"2018-02-07T08:53:22","modified_gmt":"2018-02-07T08:53:22","slug":"pgr-pede-condenacao-de-deputado-federal-do-ceara","status":"publish","type":"post","link":"https:\/\/blogdorogeriogomes.com.br\/noticias\/2018\/02\/pgr-pede-condenacao-de-deputado-federal-do-ceara\/","title":{"rendered":"PGR pede condena\u00e7\u00e3o de deputado federal do Cear\u00e1"},"content":{"rendered":"<p><img loading=\"lazy\" decoding=\"async\" class=\"alignnone size-medium wp-image-8116\" src=\"http:\/\/blogdorogeriogomes.com.br\/wp-content\/uploads\/2018\/02\/images-28-300x200.jpeg\" alt=\"images (28)\" width=\"300\" height=\"200\" srcset=\"https:\/\/blogdorogeriogomes.com.br\/noticias\/wp-content\/uploads\/2018\/02\/images-28-300x200.jpeg 300w, https:\/\/blogdorogeriogomes.com.br\/noticias\/wp-content\/uploads\/2018\/02\/images-28.jpeg 470w\" sizes=\"auto, (max-width: 300px) 100vw, 300px\" \/><\/p>\n<p><span style=\"font-weight: 400;\">A situa\u00e7\u00e3o do deputado federal An\u00edbal Gomes, do MDB do Cear\u00e1, \u00e9 preocupante. A Procuradoria Geral da Rep\u00fablica (PGR) apresentou ao Supremo Tribunal Federal (STF), as alega\u00e7\u00f5es finais na a\u00e7\u00e3o em que a procuradora Raquel Dodge pede a condena\u00e7\u00e3o do parlamentar cearense por corrup\u00e7\u00e3o ativa e passiva e lavagem de dinheiro. Tamb\u00e9m foi acusado o engenheiro Lu\u00eds Carlos Batista S\u00e1. O pedido ser\u00e1 analisado pelo relator da a\u00e7\u00e3o no STF, ministro Edson Fachin, possivelmente, no m\u00eas de abril.<\/span><span style=\"font-weight: 400;\"><br \/>\n<\/span><span style=\"font-weight: 400;\">An\u00edbal Gomes e Lu\u00eds Carlos s\u00e3o acusados de receber R$ 3 milh\u00f5es como contrapartida por interfer\u00eancias em um contrato da Petrobras em 2008. Raquel Dodge pede a condena\u00e7\u00e3o dos r\u00e9us, sugerindo penas de reclus\u00e3o, sendo 40 anos para o deputado federal cearense, como tamb\u00e9m a repara\u00e7\u00e3o dos danos materiais e morais no valor de R$ 12 milh\u00f5es e 100 mil reais e a perda do mandato. Para o engenheiro, pena total de 24 anos e 6 meses pelos crimes.<\/span><\/p>\n<p><span style=\"font-weight: 400;\">An\u00edbal Gomes diz ter certeza da absolvi\u00e7\u00e3o no STF e adianta que deseja concorrer nas elei\u00e7\u00f5es de 2018.<\/span><\/p>\n","protected":false},"excerpt":{"rendered":"<p>A situa\u00e7\u00e3o do deputado federal An\u00edbal Gomes, do MDB do Cear\u00e1, \u00e9 preocupante. A Procuradoria Geral da Rep\u00fablica (PGR) apresentou ao Supremo Tribunal Federal (STF), as alega\u00e7\u00f5es finais na a\u00e7\u00e3o em que a procuradora Raquel Dodge pede a condena\u00e7\u00e3o do parlamentar cearense por corrup\u00e7\u00e3o ativa e passiva e lavagem de dinheiro. Tamb\u00e9m foi acusado o engenheiro Lu\u00eds Carlos Batista S\u00e1. O pedido ser\u00e1 analisado pelo relator da a\u00e7\u00e3o no STF, ministro Edson Fachin, possivelmente, no m\u00eas de abril. An\u00edbal&hellip;<\/p>\n","protected":false},"author":1,"featured_media":0,"comment_status":"open","ping_status":"open","sticky":false,"template":"","format":"standard","meta":{"footnotes":""},"categories":[1],"tags":[],"class_list":["post-8115","post","type-post","status-publish","format-standard","hentry","category-noticias"],"_links":{"self":[{"href":"https:\/\/blogdorogeriogomes.com.br\/noticias\/wp-json\/wp\/v2\/posts\/8115","targetHints":{"allow":["GET"]}}],"collection":[{"href":"https:\/\/blogdorogeriogomes.com.br\/noticias\/wp-json\/wp\/v2\/posts"}],"about":[{"href":"https:\/\/blogdorogeriogomes.com.br\/noticias\/wp-json\/wp\/v2\/types\/post"}],"author":[{"embeddable":true,"href":"https:\/\/blogdorogeriogomes.com.br\/noticias\/wp-json\/wp\/v2\/users\/1"}],"replies":[{"embeddable":true,"href":"https:\/\/blogdorogeriogomes.com.br\/noticias\/wp-json\/wp\/v2\/comments?post=8115"}],"version-history":[{"count":1,"href":"https:\/\/blogdorogeriogomes.com.br\/noticias\/wp-json\/wp\/v2\/posts\/8115\/revisions"}],"predecessor-version":[{"id":8117,"href":"https:\/\/blogdorogeriogomes.com.br\/noticias\/wp-json\/wp\/v2\/posts\/8115\/revisions\/8117"}],"wp:attachment":[{"href":"https:\/\/blogdorogeriogomes.com.br\/noticias\/wp-json\/wp\/v2\/media?parent=8115"}],"wp:term":[{"taxonomy":"category","embeddable":true,"href":"https:\/\/blogdorogeriogomes.com.br\/noticias\/wp-json\/wp\/v2\/categories?post=8115"},{"taxonomy":"post_tag","embeddable":true,"href":"https:\/\/blogdorogeriogomes.com.br\/noticias\/wp-json\/wp\/v2\/tags?post=8115"}],"curies":[{"name":"wp","href":"https:\/\/api.w.org\/{rel}","templated":true}]}}