{"id":8118,"date":"2018-02-07T09:13:36","date_gmt":"2018-02-07T09:13:36","guid":{"rendered":"http:\/\/blogdorogeriogomes.com.br\/?p=8118"},"modified":"2018-02-07T09:13:36","modified_gmt":"2018-02-07T09:13:36","slug":"bloqueio-de-celulares-em-presidios-entra-na-pauta-do-senado-federal","status":"publish","type":"post","link":"https:\/\/blogdorogeriogomes.com.br\/noticias\/2018\/02\/bloqueio-de-celulares-em-presidios-entra-na-pauta-do-senado-federal\/","title":{"rendered":"Bloqueio de celulares em pres\u00eddios entra na pauta do Senado Federal"},"content":{"rendered":"<p><img loading=\"lazy\" decoding=\"async\" class=\"alignnone size-medium wp-image-8119\" src=\"http:\/\/blogdorogeriogomes.com.br\/wp-content\/uploads\/2018\/02\/imagem_materia-300x199.jpeg\" alt=\"imagem_materia\" width=\"300\" height=\"199\" srcset=\"https:\/\/blogdorogeriogomes.com.br\/noticias\/wp-content\/uploads\/2018\/02\/imagem_materia-300x199.jpeg 300w, https:\/\/blogdorogeriogomes.com.br\/noticias\/wp-content\/uploads\/2018\/02\/imagem_materia-768x509.jpeg 768w, https:\/\/blogdorogeriogomes.com.br\/noticias\/wp-content\/uploads\/2018\/02\/imagem_materia.jpeg 860w\" sizes=\"auto, (max-width: 300px) 100vw, 300px\" \/><\/p>\n<p><span style=\"font-weight: 400;\">Por se tratar de uma medida que precisa de legisla\u00e7\u00e3o federal, o bloqueio de celulares nos pres\u00eddios de todo o Pa\u00eds entra na pauta do Senado, em Bras\u00edlia, nesta quarta-feira, dia 7 de fevereiro. A proposta do senador Eun\u00edcio Oliveira, presidente do Senado, torna obrigat\u00f3ria a instala\u00e7\u00e3o de bloqueadores de celular em pres\u00eddios. A proposta vai tramitar agora em regime de urg\u00eancia e cria uma lei complementar para determinar que os recursos do Fundo Penitenci\u00e1rio Nacional (Funpen) sejam direcionados tamb\u00e9m \u00e0 instala\u00e7\u00e3o e manuten\u00e7\u00e3o de aparelhos que bloqueiam sinais de telecomunica\u00e7\u00e3o em penitenci\u00e1rias. Se aprovada, as unidades penitenci\u00e1rias devem instalar os bloqueadores em at\u00e9 seis meses.<\/span><span style=\"font-weight: 400;\"><br \/>\n<\/span><span style=\"font-weight: 400;\">Tamb\u00e9m deve ser analisada outra medida no Senado que pro\u00edbe o contingenciamento, por parte do Grupo Federal, de dinheiro do Fundo Nacional de Seguran\u00e7a P\u00fablica utilizado pelos estados.<\/span><\/p>\n","protected":false},"excerpt":{"rendered":"<p>Por se tratar de uma medida que precisa de legisla\u00e7\u00e3o federal, o bloqueio de celulares nos pres\u00eddios de todo o Pa\u00eds entra na pauta do Senado, em Bras\u00edlia, nesta quarta-feira, dia 7 de fevereiro. A proposta do senador Eun\u00edcio Oliveira, presidente do Senado, torna obrigat\u00f3ria a instala\u00e7\u00e3o de bloqueadores de celular em pres\u00eddios. A proposta vai tramitar agora em regime de urg\u00eancia e cria uma lei complementar para determinar que os recursos do Fundo Penitenci\u00e1rio Nacional (Funpen) sejam direcionados&hellip;<\/p>\n","protected":false},"author":1,"featured_media":0,"comment_status":"open","ping_status":"open","sticky":false,"template":"","format":"standard","meta":{"footnotes":""},"categories":[1],"tags":[],"class_list":["post-8118","post","type-post","status-publish","format-standard","hentry","category-noticias"],"_links":{"self":[{"href":"https:\/\/blogdorogeriogomes.com.br\/noticias\/wp-json\/wp\/v2\/posts\/8118","targetHints":{"allow":["GET"]}}],"collection":[{"href":"https:\/\/blogdorogeriogomes.com.br\/noticias\/wp-json\/wp\/v2\/posts"}],"about":[{"href":"https:\/\/blogdorogeriogomes.com.br\/noticias\/wp-json\/wp\/v2\/types\/post"}],"author":[{"embeddable":true,"href":"https:\/\/blogdorogeriogomes.com.br\/noticias\/wp-json\/wp\/v2\/users\/1"}],"replies":[{"embeddable":true,"href":"https:\/\/blogdorogeriogomes.com.br\/noticias\/wp-json\/wp\/v2\/comments?post=8118"}],"version-history":[{"count":1,"href":"https:\/\/blogdorogeriogomes.com.br\/noticias\/wp-json\/wp\/v2\/posts\/8118\/revisions"}],"predecessor-version":[{"id":8120,"href":"https:\/\/blogdorogeriogomes.com.br\/noticias\/wp-json\/wp\/v2\/posts\/8118\/revisions\/8120"}],"wp:attachment":[{"href":"https:\/\/blogdorogeriogomes.com.br\/noticias\/wp-json\/wp\/v2\/media?parent=8118"}],"wp:term":[{"taxonomy":"category","embeddable":true,"href":"https:\/\/blogdorogeriogomes.com.br\/noticias\/wp-json\/wp\/v2\/categories?post=8118"},{"taxonomy":"post_tag","embeddable":true,"href":"https:\/\/blogdorogeriogomes.com.br\/noticias\/wp-json\/wp\/v2\/tags?post=8118"}],"curies":[{"name":"wp","href":"https:\/\/api.w.org\/{rel}","templated":true}]}}