{"id":8124,"date":"2018-02-07T20:04:15","date_gmt":"2018-02-07T20:04:15","guid":{"rendered":"http:\/\/blogdorogeriogomes.com.br\/?p=8124"},"modified":"2018-02-07T20:04:15","modified_gmt":"2018-02-07T20:04:15","slug":"secretario-josbertini-clementino-confirma-recursos-federais-para-assistencia-social-em-2018","status":"publish","type":"post","link":"https:\/\/blogdorogeriogomes.com.br\/noticias\/2018\/02\/secretario-josbertini-clementino-confirma-recursos-federais-para-assistencia-social-em-2018\/","title":{"rendered":"Secret\u00e1rio Josbertini Clementino confirma recursos federais para assist\u00eancia social em 2018"},"content":{"rendered":"<p><img loading=\"lazy\" decoding=\"async\" class=\"alignnone size-medium wp-image-8125\" src=\"http:\/\/blogdorogeriogomes.com.br\/wp-content\/uploads\/2018\/02\/images-300x225.jpeg\" alt=\"images\" width=\"300\" height=\"225\" \/><\/p>\n<p><span style=\"font-weight: 400;\">O secret\u00e1rio do Trabalho e Desenvolvimento Social do Cear\u00e1, Josbertini Clementino, que tamb\u00e9m \u00e9 o presidente do F\u00f3rum Nacional dos Secret\u00e1rios de Estado da Assist\u00eancia Social (Fonseas), confirmou que o or\u00e7amento federal para a assist\u00eancia social em 2018 j\u00e1 tem garantido R$ 1,8 bilh\u00e3o em recursos, podendo chegar a R$ 3 bilh\u00f5es. <\/span><\/p>\n<p><span style=\"font-weight: 400;\">A not\u00edcia foi assegurada ap\u00f3s reuni\u00e3o dos secret\u00e1rios estaduais com o ministro do Desenvolvimento Social, Osmar Terra, em Bras\u00edlia. \u201cEle (o ministro) se colocou \u00e0 disposi\u00e7\u00e3o para que pud\u00e9ssemos fortalecer todas as a\u00e7\u00f5es, principalmente das medidas socioeducativas em meio aberto. Ele pretende fazer um trabalho forte com a juventude que est\u00e1 num momento de vulnerabilidade, agindo assim com o Crian\u00e7a Feliz, um novo programa para idosos e com os jovens que est\u00e3o em conflito com a lei\u201d, afirmou Josbertini Clementino.<\/span><\/p>\n","protected":false},"excerpt":{"rendered":"<p>O secret\u00e1rio do Trabalho e Desenvolvimento Social do Cear\u00e1, Josbertini Clementino, que tamb\u00e9m \u00e9 o presidente do F\u00f3rum Nacional dos Secret\u00e1rios de Estado da Assist\u00eancia Social (Fonseas), confirmou que o or\u00e7amento federal para a assist\u00eancia social em 2018 j\u00e1 tem garantido R$ 1,8 bilh\u00e3o em recursos, podendo chegar a R$ 3 bilh\u00f5es. A not\u00edcia foi assegurada ap\u00f3s reuni\u00e3o dos secret\u00e1rios estaduais com o ministro do Desenvolvimento Social, Osmar Terra, em Bras\u00edlia. \u201cEle (o ministro) se colocou \u00e0 disposi\u00e7\u00e3o para&hellip;<\/p>\n","protected":false},"author":1,"featured_media":0,"comment_status":"open","ping_status":"open","sticky":false,"template":"","format":"standard","meta":{"footnotes":""},"categories":[1],"tags":[],"class_list":["post-8124","post","type-post","status-publish","format-standard","hentry","category-noticias"],"_links":{"self":[{"href":"https:\/\/blogdorogeriogomes.com.br\/noticias\/wp-json\/wp\/v2\/posts\/8124","targetHints":{"allow":["GET"]}}],"collection":[{"href":"https:\/\/blogdorogeriogomes.com.br\/noticias\/wp-json\/wp\/v2\/posts"}],"about":[{"href":"https:\/\/blogdorogeriogomes.com.br\/noticias\/wp-json\/wp\/v2\/types\/post"}],"author":[{"embeddable":true,"href":"https:\/\/blogdorogeriogomes.com.br\/noticias\/wp-json\/wp\/v2\/users\/1"}],"replies":[{"embeddable":true,"href":"https:\/\/blogdorogeriogomes.com.br\/noticias\/wp-json\/wp\/v2\/comments?post=8124"}],"version-history":[{"count":1,"href":"https:\/\/blogdorogeriogomes.com.br\/noticias\/wp-json\/wp\/v2\/posts\/8124\/revisions"}],"predecessor-version":[{"id":8126,"href":"https:\/\/blogdorogeriogomes.com.br\/noticias\/wp-json\/wp\/v2\/posts\/8124\/revisions\/8126"}],"wp:attachment":[{"href":"https:\/\/blogdorogeriogomes.com.br\/noticias\/wp-json\/wp\/v2\/media?parent=8124"}],"wp:term":[{"taxonomy":"category","embeddable":true,"href":"https:\/\/blogdorogeriogomes.com.br\/noticias\/wp-json\/wp\/v2\/categories?post=8124"},{"taxonomy":"post_tag","embeddable":true,"href":"https:\/\/blogdorogeriogomes.com.br\/noticias\/wp-json\/wp\/v2\/tags?post=8124"}],"curies":[{"name":"wp","href":"https:\/\/api.w.org\/{rel}","templated":true}]}}