{"id":8130,"date":"2018-02-08T08:47:14","date_gmt":"2018-02-08T08:47:14","guid":{"rendered":"http:\/\/blogdorogeriogomes.com.br\/?p=8130"},"modified":"2018-02-08T08:47:14","modified_gmt":"2018-02-08T08:47:14","slug":"roberto-claudio-busca-recursos-para-concluir-requalificacao-da-beira-mar","status":"publish","type":"post","link":"https:\/\/blogdorogeriogomes.com.br\/noticias\/2018\/02\/roberto-claudio-busca-recursos-para-concluir-requalificacao-da-beira-mar\/","title":{"rendered":"Roberto Cl\u00e1udio busca recursos para concluir requalifica\u00e7\u00e3o da Beira Mar"},"content":{"rendered":"<p><img loading=\"lazy\" decoding=\"async\" class=\"alignnone size-medium wp-image-8133\" src=\"http:\/\/blogdorogeriogomes.com.br\/wp-content\/uploads\/2018\/02\/IMG_20180208_053451-300x199.jpg\" alt=\"IMG_20180208_053451\" width=\"300\" height=\"199\" srcset=\"https:\/\/blogdorogeriogomes.com.br\/noticias\/wp-content\/uploads\/2018\/02\/IMG_20180208_053451-300x199.jpg 300w, https:\/\/blogdorogeriogomes.com.br\/noticias\/wp-content\/uploads\/2018\/02\/IMG_20180208_053451-768x509.jpg 768w, https:\/\/blogdorogeriogomes.com.br\/noticias\/wp-content\/uploads\/2018\/02\/IMG_20180208_053451-1024x679.jpg 1024w, https:\/\/blogdorogeriogomes.com.br\/noticias\/wp-content\/uploads\/2018\/02\/IMG_20180208_053451.jpg 1081w\" sizes=\"auto, (max-width: 300px) 100vw, 300px\" \/><\/p>\n<p><span style=\"font-weight: 400;\">O prefeito de Fortaleza, Roberto Cl\u00e1udio, esteve em Bras\u00edlia, buscando recursos para concluir as obras de constru\u00e7\u00e3o da nova Avenida Beira-Mar, implantar o Polo Varjota e ainda investir nas a\u00e7\u00f5es do Plano Municipal de Prote\u00e7\u00e3o Social.<\/span><\/p>\n<p><span style=\"font-weight: 400;\">As negocia\u00e7\u00f5es acontecem com o Banco de Desenvolvimento da Am\u00e9rica Latina (CAF), que deve financiar as obras de infraestrutura e urbanismo na Capital.<\/span><\/p>\n<p><span style=\"font-weight: 400;\">A expectativa do prefeito Roberto Cl\u00e1udio \u00e9 que at\u00e9 mar\u00e7o seja assinado o contrato de financiamento do Programa Fortaleza Cidade de Futuro, no valor de R$ 250 milh\u00f5es. O empr\u00e9stimo internacional precisa ser aprovado no Senado Federal. Por isso, RC j\u00e1 teve um encontro com o presidente Eun\u00edcio Oliveira, que prometeu se empenhar na confirma\u00e7\u00e3o do financiamento at\u00e9 o pr\u00f3ximo m\u00eas.<\/span><\/p>\n","protected":false},"excerpt":{"rendered":"<p>O prefeito de Fortaleza, Roberto Cl\u00e1udio, esteve em Bras\u00edlia, buscando recursos para concluir as obras de constru\u00e7\u00e3o da nova Avenida Beira-Mar, implantar o Polo Varjota e ainda investir nas a\u00e7\u00f5es do Plano Municipal de Prote\u00e7\u00e3o Social. As negocia\u00e7\u00f5es acontecem com o Banco de Desenvolvimento da Am\u00e9rica Latina (CAF), que deve financiar as obras de infraestrutura e urbanismo na Capital. A expectativa do prefeito Roberto Cl\u00e1udio \u00e9 que at\u00e9 mar\u00e7o seja assinado o contrato de financiamento do Programa Fortaleza Cidade&hellip;<\/p>\n","protected":false},"author":1,"featured_media":0,"comment_status":"open","ping_status":"open","sticky":false,"template":"","format":"standard","meta":{"footnotes":""},"categories":[1],"tags":[],"class_list":["post-8130","post","type-post","status-publish","format-standard","hentry","category-noticias"],"_links":{"self":[{"href":"https:\/\/blogdorogeriogomes.com.br\/noticias\/wp-json\/wp\/v2\/posts\/8130","targetHints":{"allow":["GET"]}}],"collection":[{"href":"https:\/\/blogdorogeriogomes.com.br\/noticias\/wp-json\/wp\/v2\/posts"}],"about":[{"href":"https:\/\/blogdorogeriogomes.com.br\/noticias\/wp-json\/wp\/v2\/types\/post"}],"author":[{"embeddable":true,"href":"https:\/\/blogdorogeriogomes.com.br\/noticias\/wp-json\/wp\/v2\/users\/1"}],"replies":[{"embeddable":true,"href":"https:\/\/blogdorogeriogomes.com.br\/noticias\/wp-json\/wp\/v2\/comments?post=8130"}],"version-history":[{"count":1,"href":"https:\/\/blogdorogeriogomes.com.br\/noticias\/wp-json\/wp\/v2\/posts\/8130\/revisions"}],"predecessor-version":[{"id":8134,"href":"https:\/\/blogdorogeriogomes.com.br\/noticias\/wp-json\/wp\/v2\/posts\/8130\/revisions\/8134"}],"wp:attachment":[{"href":"https:\/\/blogdorogeriogomes.com.br\/noticias\/wp-json\/wp\/v2\/media?parent=8130"}],"wp:term":[{"taxonomy":"category","embeddable":true,"href":"https:\/\/blogdorogeriogomes.com.br\/noticias\/wp-json\/wp\/v2\/categories?post=8130"},{"taxonomy":"post_tag","embeddable":true,"href":"https:\/\/blogdorogeriogomes.com.br\/noticias\/wp-json\/wp\/v2\/tags?post=8130"}],"curies":[{"name":"wp","href":"https:\/\/api.w.org\/{rel}","templated":true}]}}