{"id":8135,"date":"2018-02-08T09:08:43","date_gmt":"2018-02-08T09:08:43","guid":{"rendered":"http:\/\/blogdorogeriogomes.com.br\/?p=8135"},"modified":"2018-02-08T09:08:43","modified_gmt":"2018-02-08T09:08:43","slug":"discussao-da-reforma-da-previdencia-na-camara-comeca-dia-19-de-fevereiro","status":"publish","type":"post","link":"https:\/\/blogdorogeriogomes.com.br\/noticias\/2018\/02\/discussao-da-reforma-da-previdencia-na-camara-comeca-dia-19-de-fevereiro\/","title":{"rendered":"Discuss\u00e3o da Reforma da Previd\u00eancia na C\u00e2mara come\u00e7a dia 19 de fevereiro"},"content":{"rendered":"<p><img loading=\"lazy\" decoding=\"async\" class=\"alignnone size-medium wp-image-8136\" src=\"http:\/\/blogdorogeriogomes.com.br\/wp-content\/uploads\/2018\/02\/images-2-300x220.jpeg\" alt=\"images (2)\" width=\"300\" height=\"220\" srcset=\"https:\/\/blogdorogeriogomes.com.br\/noticias\/wp-content\/uploads\/2018\/02\/images-2-300x220.jpeg 300w, https:\/\/blogdorogeriogomes.com.br\/noticias\/wp-content\/uploads\/2018\/02\/images-2.jpeg 448w\" sizes=\"auto, (max-width: 300px) 100vw, 300px\" \/><\/p>\n<p><span style=\"font-weight: 400;\">O Governo Federal parte para o tudo ou nada na ideia de aprovar a Reforma da Previd\u00eancia. O relator da proposta, deputado federal Arthur Maia, apresentou as mudan\u00e7as recentes, feitas para ganhar a simpatia de outros parlamentares, e disse que novas mudan\u00e7as podem ser feitas na discuss\u00e3o em plen\u00e1rio, desde que tragam votos pela aprova\u00e7\u00e3o. O fato \u00e9 que o Governo ainda precisa de, pelo menos, 40 votos.<\/span><\/p>\n<p><span style=\"font-weight: 400;\">A discuss\u00e3o da reforma no plen\u00e1rio da C\u00e2mara est\u00e1 marcada para come\u00e7ar no dia 19. Se aprovada na Casa, a reforma vai para o Senado. O Governo tem dito que quer concluir a tramita\u00e7\u00e3o ainda em fevereiro. Para isso, corre contra o tempo para conquistar os votos que faltam de deputados e senadores. Para o texto ser aprovado, precisa dos votos de 308 dos 523 deputados e de 49 dos 81 senadores.<\/span><\/p>\n","protected":false},"excerpt":{"rendered":"<p>O Governo Federal parte para o tudo ou nada na ideia de aprovar a Reforma da Previd\u00eancia. O relator da proposta, deputado federal Arthur Maia, apresentou as mudan\u00e7as recentes, feitas para ganhar a simpatia de outros parlamentares, e disse que novas mudan\u00e7as podem ser feitas na discuss\u00e3o em plen\u00e1rio, desde que tragam votos pela aprova\u00e7\u00e3o. O fato \u00e9 que o Governo ainda precisa de, pelo menos, 40 votos. A discuss\u00e3o da reforma no plen\u00e1rio da C\u00e2mara est\u00e1 marcada para&hellip;<\/p>\n","protected":false},"author":1,"featured_media":0,"comment_status":"open","ping_status":"open","sticky":false,"template":"","format":"standard","meta":{"footnotes":""},"categories":[1],"tags":[],"class_list":["post-8135","post","type-post","status-publish","format-standard","hentry","category-noticias"],"_links":{"self":[{"href":"https:\/\/blogdorogeriogomes.com.br\/noticias\/wp-json\/wp\/v2\/posts\/8135","targetHints":{"allow":["GET"]}}],"collection":[{"href":"https:\/\/blogdorogeriogomes.com.br\/noticias\/wp-json\/wp\/v2\/posts"}],"about":[{"href":"https:\/\/blogdorogeriogomes.com.br\/noticias\/wp-json\/wp\/v2\/types\/post"}],"author":[{"embeddable":true,"href":"https:\/\/blogdorogeriogomes.com.br\/noticias\/wp-json\/wp\/v2\/users\/1"}],"replies":[{"embeddable":true,"href":"https:\/\/blogdorogeriogomes.com.br\/noticias\/wp-json\/wp\/v2\/comments?post=8135"}],"version-history":[{"count":1,"href":"https:\/\/blogdorogeriogomes.com.br\/noticias\/wp-json\/wp\/v2\/posts\/8135\/revisions"}],"predecessor-version":[{"id":8137,"href":"https:\/\/blogdorogeriogomes.com.br\/noticias\/wp-json\/wp\/v2\/posts\/8135\/revisions\/8137"}],"wp:attachment":[{"href":"https:\/\/blogdorogeriogomes.com.br\/noticias\/wp-json\/wp\/v2\/media?parent=8135"}],"wp:term":[{"taxonomy":"category","embeddable":true,"href":"https:\/\/blogdorogeriogomes.com.br\/noticias\/wp-json\/wp\/v2\/categories?post=8135"},{"taxonomy":"post_tag","embeddable":true,"href":"https:\/\/blogdorogeriogomes.com.br\/noticias\/wp-json\/wp\/v2\/tags?post=8135"}],"curies":[{"name":"wp","href":"https:\/\/api.w.org\/{rel}","templated":true}]}}