{"id":8138,"date":"2018-02-08T09:16:36","date_gmt":"2018-02-08T09:16:36","guid":{"rendered":"http:\/\/blogdorogeriogomes.com.br\/?p=8138"},"modified":"2018-02-08T09:16:36","modified_gmt":"2018-02-08T09:16:36","slug":"al-vai-realizar-seminario-para-discutir-melhorias-na-seguranca-publica","status":"publish","type":"post","link":"https:\/\/blogdorogeriogomes.com.br\/noticias\/2018\/02\/al-vai-realizar-seminario-para-discutir-melhorias-na-seguranca-publica\/","title":{"rendered":"AL vai realizar semin\u00e1rio para discutir melhorias na seguran\u00e7a p\u00fablica"},"content":{"rendered":"<p><img loading=\"lazy\" decoding=\"async\" class=\"alignnone size-medium wp-image-8139\" src=\"http:\/\/blogdorogeriogomes.com.br\/wp-content\/uploads\/2018\/02\/images-3-300x200.jpeg\" alt=\"images (3)\" width=\"300\" height=\"200\" srcset=\"https:\/\/blogdorogeriogomes.com.br\/noticias\/wp-content\/uploads\/2018\/02\/images-3-300x200.jpeg 300w, https:\/\/blogdorogeriogomes.com.br\/noticias\/wp-content\/uploads\/2018\/02\/images-3.jpeg 360w\" sizes=\"auto, (max-width: 300px) 100vw, 300px\" \/><\/p>\n<p><span style=\"font-weight: 400;\">Em maio, a Assembleia Legislativa do Cear\u00e1 vai promover um semin\u00e1rio durante dois dias para discutir melhorias para a seguran\u00e7a p\u00fablica no Estado. De acordo com o presidente da Assembleia Legislativa,Zezinho Albuquerque, \u00e9 apresentar novas ideias para o setor que possam a vir posteriormente aproveitadas pelo Executivo cearense e at\u00e9 outros estados nordestinos.<\/span><\/p>\n<p><span style=\"font-weight: 400;\">Para o encontro, devem ser convidados todos os presidentes dos legislativos do Nordeste, secret\u00e1rios de Seguran\u00e7a P\u00fablica de outros estados e o ministro da Defesa, Raul Jungmann.<\/span><\/p>\n<p><span style=\"font-weight: 400;\">O tema da seguran\u00e7a p\u00fablica tem dominado as discuss\u00f5es na Casa desde a volta do recesso parlamentar.<\/span><\/p>\n","protected":false},"excerpt":{"rendered":"<p>Em maio, a Assembleia Legislativa do Cear\u00e1 vai promover um semin\u00e1rio durante dois dias para discutir melhorias para a seguran\u00e7a p\u00fablica no Estado. De acordo com o presidente da Assembleia Legislativa,Zezinho Albuquerque, \u00e9 apresentar novas ideias para o setor que possam a vir posteriormente aproveitadas pelo Executivo cearense e at\u00e9 outros estados nordestinos. Para o encontro, devem ser convidados todos os presidentes dos legislativos do Nordeste, secret\u00e1rios de Seguran\u00e7a P\u00fablica de outros estados e o ministro da Defesa, Raul&hellip;<\/p>\n","protected":false},"author":1,"featured_media":0,"comment_status":"open","ping_status":"open","sticky":false,"template":"","format":"standard","meta":{"footnotes":""},"categories":[1],"tags":[],"class_list":["post-8138","post","type-post","status-publish","format-standard","hentry","category-noticias"],"_links":{"self":[{"href":"https:\/\/blogdorogeriogomes.com.br\/noticias\/wp-json\/wp\/v2\/posts\/8138","targetHints":{"allow":["GET"]}}],"collection":[{"href":"https:\/\/blogdorogeriogomes.com.br\/noticias\/wp-json\/wp\/v2\/posts"}],"about":[{"href":"https:\/\/blogdorogeriogomes.com.br\/noticias\/wp-json\/wp\/v2\/types\/post"}],"author":[{"embeddable":true,"href":"https:\/\/blogdorogeriogomes.com.br\/noticias\/wp-json\/wp\/v2\/users\/1"}],"replies":[{"embeddable":true,"href":"https:\/\/blogdorogeriogomes.com.br\/noticias\/wp-json\/wp\/v2\/comments?post=8138"}],"version-history":[{"count":1,"href":"https:\/\/blogdorogeriogomes.com.br\/noticias\/wp-json\/wp\/v2\/posts\/8138\/revisions"}],"predecessor-version":[{"id":8140,"href":"https:\/\/blogdorogeriogomes.com.br\/noticias\/wp-json\/wp\/v2\/posts\/8138\/revisions\/8140"}],"wp:attachment":[{"href":"https:\/\/blogdorogeriogomes.com.br\/noticias\/wp-json\/wp\/v2\/media?parent=8138"}],"wp:term":[{"taxonomy":"category","embeddable":true,"href":"https:\/\/blogdorogeriogomes.com.br\/noticias\/wp-json\/wp\/v2\/categories?post=8138"},{"taxonomy":"post_tag","embeddable":true,"href":"https:\/\/blogdorogeriogomes.com.br\/noticias\/wp-json\/wp\/v2\/tags?post=8138"}],"curies":[{"name":"wp","href":"https:\/\/api.w.org\/{rel}","templated":true}]}}