{"id":8142,"date":"2018-02-08T23:48:46","date_gmt":"2018-02-08T23:48:46","guid":{"rendered":"http:\/\/blogdorogeriogomes.com.br\/?p=8142"},"modified":"2018-02-08T23:48:46","modified_gmt":"2018-02-08T23:48:46","slug":"luciano-huck-e-paparicado-por-partidos-para-sair-candidato","status":"publish","type":"post","link":"https:\/\/blogdorogeriogomes.com.br\/noticias\/2018\/02\/luciano-huck-e-paparicado-por-partidos-para-sair-candidato\/","title":{"rendered":"Luciano Huck \u00e9 paparicado por partidos para sair candidato"},"content":{"rendered":"<p><img loading=\"lazy\" decoding=\"async\" class=\"alignnone size-medium wp-image-8143\" src=\"http:\/\/blogdorogeriogomes.com.br\/wp-content\/uploads\/2018\/02\/images-4-300x222.jpeg\" alt=\"images (4)\" width=\"300\" height=\"222\" srcset=\"https:\/\/blogdorogeriogomes.com.br\/noticias\/wp-content\/uploads\/2018\/02\/images-4-300x222.jpeg 300w, https:\/\/blogdorogeriogomes.com.br\/noticias\/wp-content\/uploads\/2018\/02\/images-4.jpeg 446w\" sizes=\"auto, (max-width: 300px) 100vw, 300px\" \/><\/p>\n<p><span style=\"font-weight: 400;\">Em busca de candidatos com apelo popular, DEM e PPS abriram as portas para o apresentador de TV, Luciano Huck, caso ele deseje concorrer \u00e0 Presid\u00eancia da Rep\u00fablica este ano. Huck j\u00e1 declarou que n\u00e3o pretende concorrer, mas o nome dele voltou a ganhar os notici\u00e1rios. Para mudar de ideia, n\u00e3o \u00e9 dif\u00edcil.<\/span><\/p>\n<p><span style=\"font-weight: 400;\">E um dos motivos pra isso foi o interesse do ex-presidente da Rep\u00fablica, Fernando Henrique Cardoso, que chegou a defender que Luciano Huck deveria se candidatar. Por outro lado, FHC integra o PSDB e diz defender a candidatura do governador de S\u00e3o Paulo, Geraldo Alckmin. O problema \u00e9 que o tucano n\u00e3o consegue empolgar nas pesquisas, apesar de j\u00e1 ter concorrido ao Planalto.<\/span><\/p>\n<p><span style=\"font-weight: 400;\">Luciano Huck deve anunciar se aceita concorrer \u00e0 Presid\u00eancia depois do Carnaval. Na pesquisa Datafolha, divulgada em janeiro passado, ele aparece com 8% das inten\u00e7\u00f5es de voto, empatado com Alckmin.<\/span><\/p>\n","protected":false},"excerpt":{"rendered":"<p>Em busca de candidatos com apelo popular, DEM e PPS abriram as portas para o apresentador de TV, Luciano Huck, caso ele deseje concorrer \u00e0 Presid\u00eancia da Rep\u00fablica este ano. Huck j\u00e1 declarou que n\u00e3o pretende concorrer, mas o nome dele voltou a ganhar os notici\u00e1rios. Para mudar de ideia, n\u00e3o \u00e9 dif\u00edcil. E um dos motivos pra isso foi o interesse do ex-presidente da Rep\u00fablica, Fernando Henrique Cardoso, que chegou a defender que Luciano Huck deveria se candidatar.&hellip;<\/p>\n","protected":false},"author":1,"featured_media":0,"comment_status":"open","ping_status":"open","sticky":false,"template":"","format":"standard","meta":{"footnotes":""},"categories":[1],"tags":[],"class_list":["post-8142","post","type-post","status-publish","format-standard","hentry","category-noticias"],"_links":{"self":[{"href":"https:\/\/blogdorogeriogomes.com.br\/noticias\/wp-json\/wp\/v2\/posts\/8142","targetHints":{"allow":["GET"]}}],"collection":[{"href":"https:\/\/blogdorogeriogomes.com.br\/noticias\/wp-json\/wp\/v2\/posts"}],"about":[{"href":"https:\/\/blogdorogeriogomes.com.br\/noticias\/wp-json\/wp\/v2\/types\/post"}],"author":[{"embeddable":true,"href":"https:\/\/blogdorogeriogomes.com.br\/noticias\/wp-json\/wp\/v2\/users\/1"}],"replies":[{"embeddable":true,"href":"https:\/\/blogdorogeriogomes.com.br\/noticias\/wp-json\/wp\/v2\/comments?post=8142"}],"version-history":[{"count":1,"href":"https:\/\/blogdorogeriogomes.com.br\/noticias\/wp-json\/wp\/v2\/posts\/8142\/revisions"}],"predecessor-version":[{"id":8144,"href":"https:\/\/blogdorogeriogomes.com.br\/noticias\/wp-json\/wp\/v2\/posts\/8142\/revisions\/8144"}],"wp:attachment":[{"href":"https:\/\/blogdorogeriogomes.com.br\/noticias\/wp-json\/wp\/v2\/media?parent=8142"}],"wp:term":[{"taxonomy":"category","embeddable":true,"href":"https:\/\/blogdorogeriogomes.com.br\/noticias\/wp-json\/wp\/v2\/categories?post=8142"},{"taxonomy":"post_tag","embeddable":true,"href":"https:\/\/blogdorogeriogomes.com.br\/noticias\/wp-json\/wp\/v2\/tags?post=8142"}],"curies":[{"name":"wp","href":"https:\/\/api.w.org\/{rel}","templated":true}]}}