{"id":8146,"date":"2018-02-09T00:05:50","date_gmt":"2018-02-09T00:05:50","guid":{"rendered":"http:\/\/blogdorogeriogomes.com.br\/?p=8146"},"modified":"2018-02-09T00:05:50","modified_gmt":"2018-02-09T00:05:50","slug":"posicao-de-eunicio-oliveira-enfraquece-votacao-da-reforma-da-previdencia","status":"publish","type":"post","link":"https:\/\/blogdorogeriogomes.com.br\/noticias\/2018\/02\/posicao-de-eunicio-oliveira-enfraquece-votacao-da-reforma-da-previdencia\/","title":{"rendered":"Posi\u00e7\u00e3o de Eun\u00edcio Oliveira enfraquece vota\u00e7\u00e3o da Reforma da Previd\u00eancia"},"content":{"rendered":"<p><img loading=\"lazy\" decoding=\"async\" class=\"alignnone size-medium wp-image-8147\" src=\"http:\/\/blogdorogeriogomes.com.br\/wp-content\/uploads\/2018\/02\/images-5-300x159.jpeg\" alt=\"images (5)\" width=\"300\" height=\"159\" srcset=\"https:\/\/blogdorogeriogomes.com.br\/noticias\/wp-content\/uploads\/2018\/02\/images-5-300x159.jpeg 300w, https:\/\/blogdorogeriogomes.com.br\/noticias\/wp-content\/uploads\/2018\/02\/images-5.jpeg 527w\" sizes=\"auto, (max-width: 300px) 100vw, 300px\" \/><\/p>\n<p><span style=\"font-weight: 400;\">As declara\u00e7\u00f5es do presidente do Senado, Eun\u00edcio Oliveira, de que a vota\u00e7\u00e3o da Reforma da Previd\u00eancia poderia ficar apenas para o m\u00eas de novembro foi uma \u201cducha de \u00e1gua fria\u201d nas pretens\u00f5es do Pal\u00e1cio do Planalto. Ainda sem votos suficientes para aprovar a proposta, o presidente Michel Temer tenta empurrar a reforma mesmo com incont\u00e1veis concess\u00f5es j\u00e1 feitas aos parlamentares.<\/span><\/p>\n<p><span style=\"font-weight: 400;\">Est\u00e1 mais do que claro que senadores e deputados, mesmo simpatizantes com o Governo, n\u00e3o querem votar um projeto impopular em ano de elei\u00e7\u00e3o. Tem muito mandato em jogo em Bras\u00edlia.<\/span><\/p>\n<p><span style=\"font-weight: 400;\">A avalia\u00e7\u00e3o \u00e9 que a defesa de Eun\u00edcio Oliveira do adiantamento da vota\u00e7\u00e3o da Reforma da Previd\u00eancia, enterra qualquer chance de o projeto ir realmente a vota\u00e7\u00e3o ainda neste m\u00eas de fevereiro.<\/span><\/p>\n","protected":false},"excerpt":{"rendered":"<p>As declara\u00e7\u00f5es do presidente do Senado, Eun\u00edcio Oliveira, de que a vota\u00e7\u00e3o da Reforma da Previd\u00eancia poderia ficar apenas para o m\u00eas de novembro foi uma \u201cducha de \u00e1gua fria\u201d nas pretens\u00f5es do Pal\u00e1cio do Planalto. Ainda sem votos suficientes para aprovar a proposta, o presidente Michel Temer tenta empurrar a reforma mesmo com incont\u00e1veis concess\u00f5es j\u00e1 feitas aos parlamentares. Est\u00e1 mais do que claro que senadores e deputados, mesmo simpatizantes com o Governo, n\u00e3o querem votar um projeto&hellip;<\/p>\n","protected":false},"author":1,"featured_media":0,"comment_status":"open","ping_status":"open","sticky":false,"template":"","format":"standard","meta":{"footnotes":""},"categories":[1],"tags":[],"class_list":["post-8146","post","type-post","status-publish","format-standard","hentry","category-noticias"],"_links":{"self":[{"href":"https:\/\/blogdorogeriogomes.com.br\/noticias\/wp-json\/wp\/v2\/posts\/8146","targetHints":{"allow":["GET"]}}],"collection":[{"href":"https:\/\/blogdorogeriogomes.com.br\/noticias\/wp-json\/wp\/v2\/posts"}],"about":[{"href":"https:\/\/blogdorogeriogomes.com.br\/noticias\/wp-json\/wp\/v2\/types\/post"}],"author":[{"embeddable":true,"href":"https:\/\/blogdorogeriogomes.com.br\/noticias\/wp-json\/wp\/v2\/users\/1"}],"replies":[{"embeddable":true,"href":"https:\/\/blogdorogeriogomes.com.br\/noticias\/wp-json\/wp\/v2\/comments?post=8146"}],"version-history":[{"count":1,"href":"https:\/\/blogdorogeriogomes.com.br\/noticias\/wp-json\/wp\/v2\/posts\/8146\/revisions"}],"predecessor-version":[{"id":8148,"href":"https:\/\/blogdorogeriogomes.com.br\/noticias\/wp-json\/wp\/v2\/posts\/8146\/revisions\/8148"}],"wp:attachment":[{"href":"https:\/\/blogdorogeriogomes.com.br\/noticias\/wp-json\/wp\/v2\/media?parent=8146"}],"wp:term":[{"taxonomy":"category","embeddable":true,"href":"https:\/\/blogdorogeriogomes.com.br\/noticias\/wp-json\/wp\/v2\/categories?post=8146"},{"taxonomy":"post_tag","embeddable":true,"href":"https:\/\/blogdorogeriogomes.com.br\/noticias\/wp-json\/wp\/v2\/tags?post=8146"}],"curies":[{"name":"wp","href":"https:\/\/api.w.org\/{rel}","templated":true}]}}