{"id":8152,"date":"2018-02-09T09:32:49","date_gmt":"2018-02-09T09:32:49","guid":{"rendered":"http:\/\/blogdorogeriogomes.com.br\/?p=8152"},"modified":"2018-02-09T09:32:49","modified_gmt":"2018-02-09T09:32:49","slug":"para-a-funceme-bom-volume-de-chuvas-mostra-que-o-inverno-ja-comecou-no-ceara","status":"publish","type":"post","link":"https:\/\/blogdorogeriogomes.com.br\/noticias\/2018\/02\/para-a-funceme-bom-volume-de-chuvas-mostra-que-o-inverno-ja-comecou-no-ceara\/","title":{"rendered":"Para a Funceme, bom volume de chuvas mostra que o inverno j\u00e1 come\u00e7ou no Cear\u00e1"},"content":{"rendered":"<p><img loading=\"lazy\" decoding=\"async\" class=\"alignnone size-medium wp-image-8153\" src=\"http:\/\/blogdorogeriogomes.com.br\/wp-content\/uploads\/2018\/02\/images-6-300x200.jpeg\" alt=\"images (6)\" width=\"300\" height=\"200\" srcset=\"https:\/\/blogdorogeriogomes.com.br\/noticias\/wp-content\/uploads\/2018\/02\/images-6-300x200.jpeg 300w, https:\/\/blogdorogeriogomes.com.br\/noticias\/wp-content\/uploads\/2018\/02\/images-6.jpeg 470w\" sizes=\"auto, (max-width: 300px) 100vw, 300px\" \/><\/p>\n<p><span style=\"font-weight: 400;\">As fortes chuvas ca\u00eddas nos \u00faltimos dias nas regi\u00f5es Norte e do Cariri caracterizam que o inverno come\u00e7ou pra valer no Cear\u00e1. Este \u00e9 o diagn\u00f3stico do supervisor da Unidade de Tempo e Clima da Funceme, Raul Fritz, que prev\u00ea mais precipita\u00e7\u00f5es espalhadas por todo o Estado nos pr\u00f3ximos dias. A quadra chuvosa prossegue at\u00e9 maio.<\/span><\/p>\n<p><span style=\"font-weight: 400;\">Com um volume maior de chuvas, a expectativa \u00e9 pela recarga de alguns reservat\u00f3rios. De acordo com o Portal Hidrol\u00f3gico do Cear\u00e1, foi registrado aporte em 47 a\u00e7udes.<\/span><\/p>\n<p><span style=\"font-weight: 400;\">Nas \u00faltimas 24 horas, choveu em 130 munic\u00edpios, ficando os tr\u00eas maiores registros acima dos 100 mil\u00edmetros: Vi\u00e7osa do Cear\u00e1 (127.8mm), Lavras da Mangabeira (102mm) e Tiangu\u00e1 (101mm).<\/span><\/p>\n","protected":false},"excerpt":{"rendered":"<p>As fortes chuvas ca\u00eddas nos \u00faltimos dias nas regi\u00f5es Norte e do Cariri caracterizam que o inverno come\u00e7ou pra valer no Cear\u00e1. Este \u00e9 o diagn\u00f3stico do supervisor da Unidade de Tempo e Clima da Funceme, Raul Fritz, que prev\u00ea mais precipita\u00e7\u00f5es espalhadas por todo o Estado nos pr\u00f3ximos dias. A quadra chuvosa prossegue at\u00e9 maio. Com um volume maior de chuvas, a expectativa \u00e9 pela recarga de alguns reservat\u00f3rios. De acordo com o Portal Hidrol\u00f3gico do Cear\u00e1, foi&hellip;<\/p>\n","protected":false},"author":1,"featured_media":0,"comment_status":"open","ping_status":"open","sticky":false,"template":"","format":"standard","meta":{"footnotes":""},"categories":[1],"tags":[],"class_list":["post-8152","post","type-post","status-publish","format-standard","hentry","category-noticias"],"_links":{"self":[{"href":"https:\/\/blogdorogeriogomes.com.br\/noticias\/wp-json\/wp\/v2\/posts\/8152","targetHints":{"allow":["GET"]}}],"collection":[{"href":"https:\/\/blogdorogeriogomes.com.br\/noticias\/wp-json\/wp\/v2\/posts"}],"about":[{"href":"https:\/\/blogdorogeriogomes.com.br\/noticias\/wp-json\/wp\/v2\/types\/post"}],"author":[{"embeddable":true,"href":"https:\/\/blogdorogeriogomes.com.br\/noticias\/wp-json\/wp\/v2\/users\/1"}],"replies":[{"embeddable":true,"href":"https:\/\/blogdorogeriogomes.com.br\/noticias\/wp-json\/wp\/v2\/comments?post=8152"}],"version-history":[{"count":1,"href":"https:\/\/blogdorogeriogomes.com.br\/noticias\/wp-json\/wp\/v2\/posts\/8152\/revisions"}],"predecessor-version":[{"id":8154,"href":"https:\/\/blogdorogeriogomes.com.br\/noticias\/wp-json\/wp\/v2\/posts\/8152\/revisions\/8154"}],"wp:attachment":[{"href":"https:\/\/blogdorogeriogomes.com.br\/noticias\/wp-json\/wp\/v2\/media?parent=8152"}],"wp:term":[{"taxonomy":"category","embeddable":true,"href":"https:\/\/blogdorogeriogomes.com.br\/noticias\/wp-json\/wp\/v2\/categories?post=8152"},{"taxonomy":"post_tag","embeddable":true,"href":"https:\/\/blogdorogeriogomes.com.br\/noticias\/wp-json\/wp\/v2\/tags?post=8152"}],"curies":[{"name":"wp","href":"https:\/\/api.w.org\/{rel}","templated":true}]}}