{"id":8161,"date":"2018-02-10T14:24:56","date_gmt":"2018-02-10T14:24:56","guid":{"rendered":"http:\/\/blogdorogeriogomes.com.br\/?p=8161"},"modified":"2018-02-10T14:24:56","modified_gmt":"2018-02-10T14:24:56","slug":"prefeituras-cearenses-devem-ser-contempladas-com-verba-extra-da-uniao","status":"publish","type":"post","link":"https:\/\/blogdorogeriogomes.com.br\/noticias\/2018\/02\/prefeituras-cearenses-devem-ser-contempladas-com-verba-extra-da-uniao\/","title":{"rendered":"Prefeituras cearenses devem ser contempladas com verba extra da Uni\u00e3o"},"content":{"rendered":"<p><img loading=\"lazy\" decoding=\"async\" class=\"alignnone size-medium wp-image-8162\" src=\"http:\/\/blogdorogeriogomes.com.br\/wp-content\/uploads\/2018\/02\/images-9-300x150.jpeg\" alt=\"images (9)\" width=\"300\" height=\"150\" srcset=\"https:\/\/blogdorogeriogomes.com.br\/noticias\/wp-content\/uploads\/2018\/02\/images-9-300x150.jpeg 300w, https:\/\/blogdorogeriogomes.com.br\/noticias\/wp-content\/uploads\/2018\/02\/images-9.jpeg 543w\" sizes=\"auto, (max-width: 300px) 100vw, 300px\" \/><\/p>\n<p><span style=\"font-weight: 400;\">As prefeituras do Cear\u00e1, que a exemplo de outros munic\u00edpios brasileiros reclamam da queda na arrecada\u00e7\u00e3o, vivem a expectativa de receber uma verba extra da Uni\u00e3o. O presidente do Senado, Eun\u00edcio Oliveira confirma que o presidente Michel Temer assinou projeto de lei que garante a abertura do Or\u00e7amento para libera\u00e7\u00e3o de aux\u00edlio de R$ 2 bilh\u00f5es para as prefeituras.<\/span><span style=\"font-weight: 400;\"><br \/>\n<\/span><span style=\"font-weight: 400;\">A Associa\u00e7\u00e3o dos Prefeitos do Cear\u00e1 (Aprece) garante que os munic\u00edpios cearenses devem ser contemplados com R$ 200 milh\u00f5es do valor total.<\/span><\/p>\n<p><span style=\"font-weight: 400;\">O recurso trata de um apoio financeiro aos munic\u00edpios que n\u00e3o foi repassado no final do ano passado ap\u00f3s acordo com o Governo Federal.<\/span><span style=\"font-weight: 400;\"><br \/>\n<\/span><span style=\"font-weight: 400;\">O Senado precisa aprovar a libera\u00e7\u00e3o dos recursos atrav\u00e9s de um Projeto de Lei do Congresso Nacional. Eun\u00edcio disse que vai pautar a vota\u00e7\u00e3o do projeto para o dia 20 de fevereiro, em sess\u00e3o do Congresso em Bras\u00edlia.<\/span><\/p>\n","protected":false},"excerpt":{"rendered":"<p>As prefeituras do Cear\u00e1, que a exemplo de outros munic\u00edpios brasileiros reclamam da queda na arrecada\u00e7\u00e3o, vivem a expectativa de receber uma verba extra da Uni\u00e3o. O presidente do Senado, Eun\u00edcio Oliveira confirma que o presidente Michel Temer assinou projeto de lei que garante a abertura do Or\u00e7amento para libera\u00e7\u00e3o de aux\u00edlio de R$ 2 bilh\u00f5es para as prefeituras. A Associa\u00e7\u00e3o dos Prefeitos do Cear\u00e1 (Aprece) garante que os munic\u00edpios cearenses devem ser contemplados com R$ 200 milh\u00f5es do&hellip;<\/p>\n","protected":false},"author":1,"featured_media":0,"comment_status":"open","ping_status":"open","sticky":false,"template":"","format":"standard","meta":{"footnotes":""},"categories":[1],"tags":[],"class_list":["post-8161","post","type-post","status-publish","format-standard","hentry","category-noticias"],"_links":{"self":[{"href":"https:\/\/blogdorogeriogomes.com.br\/noticias\/wp-json\/wp\/v2\/posts\/8161","targetHints":{"allow":["GET"]}}],"collection":[{"href":"https:\/\/blogdorogeriogomes.com.br\/noticias\/wp-json\/wp\/v2\/posts"}],"about":[{"href":"https:\/\/blogdorogeriogomes.com.br\/noticias\/wp-json\/wp\/v2\/types\/post"}],"author":[{"embeddable":true,"href":"https:\/\/blogdorogeriogomes.com.br\/noticias\/wp-json\/wp\/v2\/users\/1"}],"replies":[{"embeddable":true,"href":"https:\/\/blogdorogeriogomes.com.br\/noticias\/wp-json\/wp\/v2\/comments?post=8161"}],"version-history":[{"count":1,"href":"https:\/\/blogdorogeriogomes.com.br\/noticias\/wp-json\/wp\/v2\/posts\/8161\/revisions"}],"predecessor-version":[{"id":8163,"href":"https:\/\/blogdorogeriogomes.com.br\/noticias\/wp-json\/wp\/v2\/posts\/8161\/revisions\/8163"}],"wp:attachment":[{"href":"https:\/\/blogdorogeriogomes.com.br\/noticias\/wp-json\/wp\/v2\/media?parent=8161"}],"wp:term":[{"taxonomy":"category","embeddable":true,"href":"https:\/\/blogdorogeriogomes.com.br\/noticias\/wp-json\/wp\/v2\/categories?post=8161"},{"taxonomy":"post_tag","embeddable":true,"href":"https:\/\/blogdorogeriogomes.com.br\/noticias\/wp-json\/wp\/v2\/tags?post=8161"}],"curies":[{"name":"wp","href":"https:\/\/api.w.org\/{rel}","templated":true}]}}