{"id":8165,"date":"2018-02-14T08:42:12","date_gmt":"2018-02-14T08:42:12","guid":{"rendered":"http:\/\/blogdorogeriogomes.com.br\/?p=8165"},"modified":"2018-02-14T08:42:12","modified_gmt":"2018-02-14T08:42:12","slug":"correios-terao-de-assumir-prejuizo-com-encomendas-destruidas-pelo-incendio","status":"publish","type":"post","link":"https:\/\/blogdorogeriogomes.com.br\/noticias\/2018\/02\/correios-terao-de-assumir-prejuizo-com-encomendas-destruidas-pelo-incendio\/","title":{"rendered":"Correios ter\u00e3o de assumir preju\u00edzo com encomendas destru\u00eddas pelo inc\u00eandio"},"content":{"rendered":"<p><img loading=\"lazy\" decoding=\"async\" class=\"alignnone size-medium wp-image-8166\" src=\"http:\/\/blogdorogeriogomes.com.br\/wp-content\/uploads\/2018\/02\/unnamed-1-300x167.jpg\" alt=\"unnamed (1)\" width=\"300\" height=\"167\" srcset=\"https:\/\/blogdorogeriogomes.com.br\/noticias\/wp-content\/uploads\/2018\/02\/unnamed-1-300x167.jpg 300w, https:\/\/blogdorogeriogomes.com.br\/noticias\/wp-content\/uploads\/2018\/02\/unnamed-1.jpg 514w\" sizes=\"auto, (max-width: 300px) 100vw, 300px\" \/><\/p>\n<p><span style=\"font-weight: 400;\">Os Correios confirmaram em nota distribu\u00edda \u00e0 imprensa que v\u00e3o assumir todos os preju\u00edzos causados pelo inc\u00eandio que destruiu cerca de 90% do pr\u00e9dio do Centro de Triagem de Cartas e Encomendas dos Correios, em Fortaleza, nesta ter\u00e7a-feira de Carnaval, dia 13 de fevereiro.<\/span><\/p>\n<p><span style=\"font-weight: 400;\">O primeiro passo ser\u00e1 fazer um levantamento de toda a carga postal que foi destru\u00edda, para em seguida calcular e fazer o pagamento das indeniza\u00e7\u00f5es aos clientes prejudicados. <\/span><\/p>\n<p><span style=\"font-weight: 400;\">O pr\u00e9dio do Centro de Triagem, no bairro Cidade dos Funcion\u00e1rios, tem 10 mil m2 de \u00e1rea \u00e9, segundo os Bombeiros, as correspond\u00eancias e mercadorias que estavam no local foram praticamente destru\u00eddas pelo inc\u00eandio.<\/span><\/p>\n","protected":false},"excerpt":{"rendered":"<p>Os Correios confirmaram em nota distribu\u00edda \u00e0 imprensa que v\u00e3o assumir todos os preju\u00edzos causados pelo inc\u00eandio que destruiu cerca de 90% do pr\u00e9dio do Centro de Triagem de Cartas e Encomendas dos Correios, em Fortaleza, nesta ter\u00e7a-feira de Carnaval, dia 13 de fevereiro. O primeiro passo ser\u00e1 fazer um levantamento de toda a carga postal que foi destru\u00edda, para em seguida calcular e fazer o pagamento das indeniza\u00e7\u00f5es aos clientes prejudicados. O pr\u00e9dio do Centro de Triagem, no&hellip;<\/p>\n","protected":false},"author":1,"featured_media":0,"comment_status":"open","ping_status":"open","sticky":false,"template":"","format":"standard","meta":{"footnotes":""},"categories":[1],"tags":[],"class_list":["post-8165","post","type-post","status-publish","format-standard","hentry","category-noticias"],"_links":{"self":[{"href":"https:\/\/blogdorogeriogomes.com.br\/noticias\/wp-json\/wp\/v2\/posts\/8165","targetHints":{"allow":["GET"]}}],"collection":[{"href":"https:\/\/blogdorogeriogomes.com.br\/noticias\/wp-json\/wp\/v2\/posts"}],"about":[{"href":"https:\/\/blogdorogeriogomes.com.br\/noticias\/wp-json\/wp\/v2\/types\/post"}],"author":[{"embeddable":true,"href":"https:\/\/blogdorogeriogomes.com.br\/noticias\/wp-json\/wp\/v2\/users\/1"}],"replies":[{"embeddable":true,"href":"https:\/\/blogdorogeriogomes.com.br\/noticias\/wp-json\/wp\/v2\/comments?post=8165"}],"version-history":[{"count":1,"href":"https:\/\/blogdorogeriogomes.com.br\/noticias\/wp-json\/wp\/v2\/posts\/8165\/revisions"}],"predecessor-version":[{"id":8167,"href":"https:\/\/blogdorogeriogomes.com.br\/noticias\/wp-json\/wp\/v2\/posts\/8165\/revisions\/8167"}],"wp:attachment":[{"href":"https:\/\/blogdorogeriogomes.com.br\/noticias\/wp-json\/wp\/v2\/media?parent=8165"}],"wp:term":[{"taxonomy":"category","embeddable":true,"href":"https:\/\/blogdorogeriogomes.com.br\/noticias\/wp-json\/wp\/v2\/categories?post=8165"},{"taxonomy":"post_tag","embeddable":true,"href":"https:\/\/blogdorogeriogomes.com.br\/noticias\/wp-json\/wp\/v2\/tags?post=8165"}],"curies":[{"name":"wp","href":"https:\/\/api.w.org\/{rel}","templated":true}]}}