{"id":8178,"date":"2018-02-14T22:24:00","date_gmt":"2018-02-14T22:24:00","guid":{"rendered":"http:\/\/blogdorogeriogomes.com.br\/?p=8178"},"modified":"2018-02-14T22:24:00","modified_gmt":"2018-02-14T22:24:00","slug":"cristiane-brasil-continua-impedida-de-assumir-ministerio-stf-dara-palavra-final","status":"publish","type":"post","link":"https:\/\/blogdorogeriogomes.com.br\/noticias\/2018\/02\/cristiane-brasil-continua-impedida-de-assumir-ministerio-stf-dara-palavra-final\/","title":{"rendered":"Cristiane Brasil continua impedida de assumir Minist\u00e9rio. STF dar\u00e1 palavra final"},"content":{"rendered":"<p><img loading=\"lazy\" decoding=\"async\" class=\"alignnone size-medium wp-image-8179\" src=\"http:\/\/blogdorogeriogomes.com.br\/wp-content\/uploads\/2018\/02\/bb7af07ef712638fff4165414aafbbc9-300x164.jpg\" alt=\"bb7af07ef712638fff4165414aafbbc9\" width=\"300\" height=\"164\" srcset=\"https:\/\/blogdorogeriogomes.com.br\/noticias\/wp-content\/uploads\/2018\/02\/bb7af07ef712638fff4165414aafbbc9-300x164.jpg 300w, https:\/\/blogdorogeriogomes.com.br\/noticias\/wp-content\/uploads\/2018\/02\/bb7af07ef712638fff4165414aafbbc9.jpg 748w\" sizes=\"auto, (max-width: 300px) 100vw, 300px\" \/><\/p>\n<p><span style=\"font-weight: 400;\">O presidente Michel Temer insiste na nomea\u00e7\u00e3o da deputada federal Cristiane Brasil, do PTB, para o Minist\u00e9rio do Trabalho. Mas a Justi\u00e7a continua impedindo a posse. A presidente do Supremo Tribunal Federal, ministra C\u00e1rmen L\u00facia, decidiu agora que somente o STF tem compet\u00eancia para julgar o caso sobre a posse. Cristiane, que \u00e9 filha do presidente nacional do PTB, Roberto Jefferson, responde a a\u00e7\u00f5es na Justi\u00e7a do Trabalho. O absurdo na hist\u00f3ria \u00e9 o Minist\u00e9rio ficar sem titular e o Governo ref\u00e9m do apoio do PTB, que indicou o nome da deputada federal.<\/span><\/p>\n<p><span style=\"font-weight: 400;\">O pior \u00e9 que a decis\u00e3o da ministra C\u00e1rmen L\u00facia determina que o processo precisa passar pelo plen\u00e1rio do STF e n\u00e3o h\u00e1 previs\u00e3o de data para pautar o processo. C\u00e1rmen L\u00facia pediu tamb\u00e9m que os autos do processo sejam imediatamente remetidos do STJ ao STF.<\/span><\/p>\n","protected":false},"excerpt":{"rendered":"<p>O presidente Michel Temer insiste na nomea\u00e7\u00e3o da deputada federal Cristiane Brasil, do PTB, para o Minist\u00e9rio do Trabalho. Mas a Justi\u00e7a continua impedindo a posse. A presidente do Supremo Tribunal Federal, ministra C\u00e1rmen L\u00facia, decidiu agora que somente o STF tem compet\u00eancia para julgar o caso sobre a posse. Cristiane, que \u00e9 filha do presidente nacional do PTB, Roberto Jefferson, responde a a\u00e7\u00f5es na Justi\u00e7a do Trabalho. O absurdo na hist\u00f3ria \u00e9 o Minist\u00e9rio ficar sem titular e&hellip;<\/p>\n","protected":false},"author":1,"featured_media":0,"comment_status":"open","ping_status":"open","sticky":false,"template":"","format":"standard","meta":{"footnotes":""},"categories":[1],"tags":[],"class_list":["post-8178","post","type-post","status-publish","format-standard","hentry","category-noticias"],"_links":{"self":[{"href":"https:\/\/blogdorogeriogomes.com.br\/noticias\/wp-json\/wp\/v2\/posts\/8178","targetHints":{"allow":["GET"]}}],"collection":[{"href":"https:\/\/blogdorogeriogomes.com.br\/noticias\/wp-json\/wp\/v2\/posts"}],"about":[{"href":"https:\/\/blogdorogeriogomes.com.br\/noticias\/wp-json\/wp\/v2\/types\/post"}],"author":[{"embeddable":true,"href":"https:\/\/blogdorogeriogomes.com.br\/noticias\/wp-json\/wp\/v2\/users\/1"}],"replies":[{"embeddable":true,"href":"https:\/\/blogdorogeriogomes.com.br\/noticias\/wp-json\/wp\/v2\/comments?post=8178"}],"version-history":[{"count":1,"href":"https:\/\/blogdorogeriogomes.com.br\/noticias\/wp-json\/wp\/v2\/posts\/8178\/revisions"}],"predecessor-version":[{"id":8180,"href":"https:\/\/blogdorogeriogomes.com.br\/noticias\/wp-json\/wp\/v2\/posts\/8178\/revisions\/8180"}],"wp:attachment":[{"href":"https:\/\/blogdorogeriogomes.com.br\/noticias\/wp-json\/wp\/v2\/media?parent=8178"}],"wp:term":[{"taxonomy":"category","embeddable":true,"href":"https:\/\/blogdorogeriogomes.com.br\/noticias\/wp-json\/wp\/v2\/categories?post=8178"},{"taxonomy":"post_tag","embeddable":true,"href":"https:\/\/blogdorogeriogomes.com.br\/noticias\/wp-json\/wp\/v2\/tags?post=8178"}],"curies":[{"name":"wp","href":"https:\/\/api.w.org\/{rel}","templated":true}]}}