{"id":8181,"date":"2018-02-15T08:19:08","date_gmt":"2018-02-15T08:19:08","guid":{"rendered":"http:\/\/blogdorogeriogomes.com.br\/?p=8181"},"modified":"2018-02-15T08:19:08","modified_gmt":"2018-02-15T08:19:08","slug":"governo-do-estado-quer-retomar-obras-da-linha-leste-do-metrofor-ate-julho","status":"publish","type":"post","link":"https:\/\/blogdorogeriogomes.com.br\/noticias\/2018\/02\/governo-do-estado-quer-retomar-obras-da-linha-leste-do-metrofor-ate-julho\/","title":{"rendered":"Governo do Estado quer retomar obras da Linha Leste do Metrofor at\u00e9 julho"},"content":{"rendered":"<p><img loading=\"lazy\" decoding=\"async\" class=\"alignnone size-medium wp-image-8182\" src=\"http:\/\/blogdorogeriogomes.com.br\/wp-content\/uploads\/2018\/02\/images-11-300x200.jpeg\" alt=\"images (11)\" width=\"300\" height=\"200\" srcset=\"https:\/\/blogdorogeriogomes.com.br\/noticias\/wp-content\/uploads\/2018\/02\/images-11-300x200.jpeg 300w, https:\/\/blogdorogeriogomes.com.br\/noticias\/wp-content\/uploads\/2018\/02\/images-11.jpeg 470w\" sizes=\"auto, (max-width: 300px) 100vw, 300px\" \/><\/p>\n<p><span style=\"font-weight: 400;\">A Secretaria da Infraestrutura do Cear\u00e1 (Seinfra) quer retomar as obras da Linha Leste do Metrofor at\u00e9 julho deste ano. De acordo com o secret\u00e1rio L\u00facio Gomes, a Seinfra j\u00e1 comunicou oficialmente o cons\u00f3rcio Acciona\/Marquise sobre distrato no contrato. <\/span><\/p>\n<p><span style=\"font-weight: 400;\">O valor estimado para o novo projeto \u00e9 de R$ 1 bilh\u00e3o e 859 milh\u00f5es de reais e deve ter 53,8% do total financiado pelo BNDES, 36,2% pela Uni\u00e3o e 10% como contrapartida do Estado. O ganhador do leil\u00e3o dever\u00e1 arcar com toda a infraestrutura necess\u00e1ria para o funcionamento da Linha Leste.<\/span><\/p>\n<p><span style=\"font-weight: 400;\">As tuneladores, que s\u00e3o os equipamentos a serem usados para escavar os t\u00faneis da Linha Leste, devem estar montadas at\u00e9 mar\u00e7o para o in\u00edcio dos testes.<\/span><\/p>\n","protected":false},"excerpt":{"rendered":"<p>A Secretaria da Infraestrutura do Cear\u00e1 (Seinfra) quer retomar as obras da Linha Leste do Metrofor at\u00e9 julho deste ano. De acordo com o secret\u00e1rio L\u00facio Gomes, a Seinfra j\u00e1 comunicou oficialmente o cons\u00f3rcio Acciona\/Marquise sobre distrato no contrato. O valor estimado para o novo projeto \u00e9 de R$ 1 bilh\u00e3o e 859 milh\u00f5es de reais e deve ter 53,8% do total financiado pelo BNDES, 36,2% pela Uni\u00e3o e 10% como contrapartida do Estado. O ganhador do leil\u00e3o dever\u00e1&hellip;<\/p>\n","protected":false},"author":1,"featured_media":0,"comment_status":"open","ping_status":"open","sticky":false,"template":"","format":"standard","meta":{"footnotes":""},"categories":[1],"tags":[],"class_list":["post-8181","post","type-post","status-publish","format-standard","hentry","category-noticias"],"_links":{"self":[{"href":"https:\/\/blogdorogeriogomes.com.br\/noticias\/wp-json\/wp\/v2\/posts\/8181","targetHints":{"allow":["GET"]}}],"collection":[{"href":"https:\/\/blogdorogeriogomes.com.br\/noticias\/wp-json\/wp\/v2\/posts"}],"about":[{"href":"https:\/\/blogdorogeriogomes.com.br\/noticias\/wp-json\/wp\/v2\/types\/post"}],"author":[{"embeddable":true,"href":"https:\/\/blogdorogeriogomes.com.br\/noticias\/wp-json\/wp\/v2\/users\/1"}],"replies":[{"embeddable":true,"href":"https:\/\/blogdorogeriogomes.com.br\/noticias\/wp-json\/wp\/v2\/comments?post=8181"}],"version-history":[{"count":1,"href":"https:\/\/blogdorogeriogomes.com.br\/noticias\/wp-json\/wp\/v2\/posts\/8181\/revisions"}],"predecessor-version":[{"id":8183,"href":"https:\/\/blogdorogeriogomes.com.br\/noticias\/wp-json\/wp\/v2\/posts\/8181\/revisions\/8183"}],"wp:attachment":[{"href":"https:\/\/blogdorogeriogomes.com.br\/noticias\/wp-json\/wp\/v2\/media?parent=8181"}],"wp:term":[{"taxonomy":"category","embeddable":true,"href":"https:\/\/blogdorogeriogomes.com.br\/noticias\/wp-json\/wp\/v2\/categories?post=8181"},{"taxonomy":"post_tag","embeddable":true,"href":"https:\/\/blogdorogeriogomes.com.br\/noticias\/wp-json\/wp\/v2\/tags?post=8181"}],"curies":[{"name":"wp","href":"https:\/\/api.w.org\/{rel}","templated":true}]}}