{"id":8187,"date":"2018-02-15T08:50:50","date_gmt":"2018-02-15T08:50:50","guid":{"rendered":"http:\/\/blogdorogeriogomes.com.br\/?p=8187"},"modified":"2018-02-15T08:50:50","modified_gmt":"2018-02-15T08:50:50","slug":"debates-da-reforma-da-previdencia-comecam-na-proxima-semana","status":"publish","type":"post","link":"https:\/\/blogdorogeriogomes.com.br\/noticias\/2018\/02\/debates-da-reforma-da-previdencia-comecam-na-proxima-semana\/","title":{"rendered":"Debates da reforma da Previd\u00eancia come\u00e7am na pr\u00f3xima semana"},"content":{"rendered":"<p><img loading=\"lazy\" decoding=\"async\" class=\"alignnone size-medium wp-image-8188\" src=\"http:\/\/blogdorogeriogomes.com.br\/wp-content\/uploads\/2018\/02\/images-13-300x199.jpeg\" alt=\"images (13)\" width=\"300\" height=\"199\" srcset=\"https:\/\/blogdorogeriogomes.com.br\/noticias\/wp-content\/uploads\/2018\/02\/images-13-300x199.jpeg 300w, https:\/\/blogdorogeriogomes.com.br\/noticias\/wp-content\/uploads\/2018\/02\/images-13.jpeg 471w\" sizes=\"auto, (max-width: 300px) 100vw, 300px\" \/><\/p>\n<p><span style=\"font-weight: 400;\">Parlamentares s\u00f3 retomam os trabalhos em Bras\u00edlia na pr\u00f3xima semana. E a principal pauta \u00e9 a reforma da Previd\u00eancia, que o Governo Federal aposta ainda ter condi\u00e7\u00f5es de aprovar. O Pal\u00e1cio do Planalto t\u00eam se mostrado preocupado com a poss\u00edveis aus\u00eancias de aliados nas sess\u00f5es da C\u00e2mara. Se o quorum der baixo, o sinal \u00e9 que n\u00e3o haver\u00e1 maioria para aprova\u00e7\u00e3o da mat\u00e9ria. <\/span><\/p>\n<p><span style=\"font-weight: 400;\">O governo admite negociar novas concess\u00f5es para viabilizar a vota\u00e7\u00e3o, como a cria\u00e7\u00e3o de uma transi\u00e7\u00e3o para os servidores que entraram para o servi\u00e7o p\u00fablico at\u00e9 2003.<\/span><\/p>\n<p><span style=\"font-weight: 400;\">No contraponto, a Confedera\u00e7\u00e3o Nacional dos Bispos no Brasil (CNBB) lan\u00e7ou a Campanha da Fraternidade de 2018 e promete divulgar, na pr\u00f3xima semana, um texto contra a reforma da Previd\u00eancia. Quer ficar ao lado de quem est\u00e1 perdendo nessa hist\u00f3ria: o trabalhador assalariado.<\/span><\/p>\n","protected":false},"excerpt":{"rendered":"<p>Parlamentares s\u00f3 retomam os trabalhos em Bras\u00edlia na pr\u00f3xima semana. E a principal pauta \u00e9 a reforma da Previd\u00eancia, que o Governo Federal aposta ainda ter condi\u00e7\u00f5es de aprovar. O Pal\u00e1cio do Planalto t\u00eam se mostrado preocupado com a poss\u00edveis aus\u00eancias de aliados nas sess\u00f5es da C\u00e2mara. Se o quorum der baixo, o sinal \u00e9 que n\u00e3o haver\u00e1 maioria para aprova\u00e7\u00e3o da mat\u00e9ria. O governo admite negociar novas concess\u00f5es para viabilizar a vota\u00e7\u00e3o, como a cria\u00e7\u00e3o de uma transi\u00e7\u00e3o&hellip;<\/p>\n","protected":false},"author":1,"featured_media":0,"comment_status":"open","ping_status":"open","sticky":false,"template":"","format":"standard","meta":{"footnotes":""},"categories":[1],"tags":[],"class_list":["post-8187","post","type-post","status-publish","format-standard","hentry","category-noticias"],"_links":{"self":[{"href":"https:\/\/blogdorogeriogomes.com.br\/noticias\/wp-json\/wp\/v2\/posts\/8187","targetHints":{"allow":["GET"]}}],"collection":[{"href":"https:\/\/blogdorogeriogomes.com.br\/noticias\/wp-json\/wp\/v2\/posts"}],"about":[{"href":"https:\/\/blogdorogeriogomes.com.br\/noticias\/wp-json\/wp\/v2\/types\/post"}],"author":[{"embeddable":true,"href":"https:\/\/blogdorogeriogomes.com.br\/noticias\/wp-json\/wp\/v2\/users\/1"}],"replies":[{"embeddable":true,"href":"https:\/\/blogdorogeriogomes.com.br\/noticias\/wp-json\/wp\/v2\/comments?post=8187"}],"version-history":[{"count":1,"href":"https:\/\/blogdorogeriogomes.com.br\/noticias\/wp-json\/wp\/v2\/posts\/8187\/revisions"}],"predecessor-version":[{"id":8189,"href":"https:\/\/blogdorogeriogomes.com.br\/noticias\/wp-json\/wp\/v2\/posts\/8187\/revisions\/8189"}],"wp:attachment":[{"href":"https:\/\/blogdorogeriogomes.com.br\/noticias\/wp-json\/wp\/v2\/media?parent=8187"}],"wp:term":[{"taxonomy":"category","embeddable":true,"href":"https:\/\/blogdorogeriogomes.com.br\/noticias\/wp-json\/wp\/v2\/categories?post=8187"},{"taxonomy":"post_tag","embeddable":true,"href":"https:\/\/blogdorogeriogomes.com.br\/noticias\/wp-json\/wp\/v2\/tags?post=8187"}],"curies":[{"name":"wp","href":"https:\/\/api.w.org\/{rel}","templated":true}]}}