{"id":8190,"date":"2018-02-15T22:20:33","date_gmt":"2018-02-15T22:20:33","guid":{"rendered":"http:\/\/blogdorogeriogomes.com.br\/?p=8190"},"modified":"2018-02-15T22:20:33","modified_gmt":"2018-02-15T22:20:33","slug":"prefeito-roberto-claudio-traca-um-calendario-de-entrega-de-obras-no-setor-de-saude","status":"publish","type":"post","link":"https:\/\/blogdorogeriogomes.com.br\/noticias\/2018\/02\/prefeito-roberto-claudio-traca-um-calendario-de-entrega-de-obras-no-setor-de-saude\/","title":{"rendered":"Prefeito Roberto Cl\u00e1udio tra\u00e7a um calend\u00e1rio de entrega de obras no setor de sa\u00fade"},"content":{"rendered":"<p><img loading=\"lazy\" decoding=\"async\" class=\"alignnone size-medium wp-image-7770\" src=\"http:\/\/blogdorogeriogomes.com.br\/wp-content\/uploads\/2018\/01\/images-56-300x200.jpeg\" alt=\"images (56)\" width=\"300\" height=\"200\" srcset=\"https:\/\/blogdorogeriogomes.com.br\/noticias\/wp-content\/uploads\/2018\/01\/images-56-300x200.jpeg 300w, https:\/\/blogdorogeriogomes.com.br\/noticias\/wp-content\/uploads\/2018\/01\/images-56.jpeg 470w\" sizes=\"auto, (max-width: 300px) 100vw, 300px\" \/><\/p>\n<p><span style=\"font-weight: 400;\">O prefeito de Fortaleza, Roberto Cl\u00e1udio, diz ter uma s\u00e9rie de obras na \u00e1rea da sa\u00fade para entregar ao longo de 2018. Parte delas, ainda no primeiro semestre do ano. <\/span><\/p>\n<p><span style=\"font-weight: 400;\">A amplia\u00e7\u00e3o do Hospital Nossa Senhora da Concei\u00e7\u00e3o, no Conjunto Cear\u00e1, por exemplo, tem prazo para abril. A unidade deve ganhar 12 novos leitos de sa\u00fade materno infantil e \u00e1rea de m\u00e9dio risco neonatal. A expans\u00e3o do Hospital da Mulher est\u00e1 prevista para ser conclu\u00edda at\u00e9 julho, a exemplo da UTI de m\u00e9dio risco do Frotinha da Parangaba e a Policl\u00ednica do J\u00f3quei Clube.<\/span><span style=\"font-weight: 400;\"><br \/>\n<\/span><span style=\"font-weight: 400;\">Roberto Cl\u00e1udio confirma que a constru\u00e7\u00e3o do Hospital IJF 2 ser\u00e1 finalizada em sua primeira fase no segundo semestre. <\/span><\/p>\n<p><span style=\"font-weight: 400;\">Ainda este ano, o Gonzaguinha da Barra do Cear\u00e1 deve ser reformado com uma nova \u00e1rea para realiza\u00e7\u00e3o de partos.<\/span><\/p>\n","protected":false},"excerpt":{"rendered":"<p>O prefeito de Fortaleza, Roberto Cl\u00e1udio, diz ter uma s\u00e9rie de obras na \u00e1rea da sa\u00fade para entregar ao longo de 2018. Parte delas, ainda no primeiro semestre do ano. A amplia\u00e7\u00e3o do Hospital Nossa Senhora da Concei\u00e7\u00e3o, no Conjunto Cear\u00e1, por exemplo, tem prazo para abril. A unidade deve ganhar 12 novos leitos de sa\u00fade materno infantil e \u00e1rea de m\u00e9dio risco neonatal. A expans\u00e3o do Hospital da Mulher est\u00e1 prevista para ser conclu\u00edda at\u00e9 julho, a exemplo&hellip;<\/p>\n","protected":false},"author":1,"featured_media":0,"comment_status":"open","ping_status":"open","sticky":false,"template":"","format":"standard","meta":{"footnotes":""},"categories":[1],"tags":[],"class_list":["post-8190","post","type-post","status-publish","format-standard","hentry","category-noticias"],"_links":{"self":[{"href":"https:\/\/blogdorogeriogomes.com.br\/noticias\/wp-json\/wp\/v2\/posts\/8190","targetHints":{"allow":["GET"]}}],"collection":[{"href":"https:\/\/blogdorogeriogomes.com.br\/noticias\/wp-json\/wp\/v2\/posts"}],"about":[{"href":"https:\/\/blogdorogeriogomes.com.br\/noticias\/wp-json\/wp\/v2\/types\/post"}],"author":[{"embeddable":true,"href":"https:\/\/blogdorogeriogomes.com.br\/noticias\/wp-json\/wp\/v2\/users\/1"}],"replies":[{"embeddable":true,"href":"https:\/\/blogdorogeriogomes.com.br\/noticias\/wp-json\/wp\/v2\/comments?post=8190"}],"version-history":[{"count":1,"href":"https:\/\/blogdorogeriogomes.com.br\/noticias\/wp-json\/wp\/v2\/posts\/8190\/revisions"}],"predecessor-version":[{"id":8195,"href":"https:\/\/blogdorogeriogomes.com.br\/noticias\/wp-json\/wp\/v2\/posts\/8190\/revisions\/8195"}],"wp:attachment":[{"href":"https:\/\/blogdorogeriogomes.com.br\/noticias\/wp-json\/wp\/v2\/media?parent=8190"}],"wp:term":[{"taxonomy":"category","embeddable":true,"href":"https:\/\/blogdorogeriogomes.com.br\/noticias\/wp-json\/wp\/v2\/categories?post=8190"},{"taxonomy":"post_tag","embeddable":true,"href":"https:\/\/blogdorogeriogomes.com.br\/noticias\/wp-json\/wp\/v2\/tags?post=8190"}],"curies":[{"name":"wp","href":"https:\/\/api.w.org\/{rel}","templated":true}]}}