{"id":8196,"date":"2018-02-15T22:52:30","date_gmt":"2018-02-15T22:52:30","guid":{"rendered":"http:\/\/blogdorogeriogomes.com.br\/?p=8196"},"modified":"2018-02-15T22:52:30","modified_gmt":"2018-02-15T22:52:30","slug":"lula-e-ciro-investem-na-forca-das-caravanas-pelo-pais","status":"publish","type":"post","link":"https:\/\/blogdorogeriogomes.com.br\/noticias\/2018\/02\/lula-e-ciro-investem-na-forca-das-caravanas-pelo-pais\/","title":{"rendered":"Lula e Ciro investem na for\u00e7a das caravanas pelo Pa\u00eds"},"content":{"rendered":"<p><img loading=\"lazy\" decoding=\"async\" class=\"alignnone size-medium wp-image-8197\" src=\"http:\/\/blogdorogeriogomes.com.br\/wp-content\/uploads\/2018\/02\/images-14-300x127.jpeg\" alt=\"images (14)\" width=\"300\" height=\"127\" srcset=\"https:\/\/blogdorogeriogomes.com.br\/noticias\/wp-content\/uploads\/2018\/02\/images-14-300x127.jpeg 300w, https:\/\/blogdorogeriogomes.com.br\/noticias\/wp-content\/uploads\/2018\/02\/images-14.jpeg 589w\" sizes=\"auto, (max-width: 300px) 100vw, 300px\" \/><\/p>\n<p><span style=\"font-weight: 400;\">A campanha eleitoral n\u00e3o come\u00e7ou oficialmente, mas o ex-presidente Lula j\u00e1 anuncia outra caravana no Sul do Pa\u00eds. Quem tamb\u00e9m entra na ideia \u00e9 o ex-ministro Ciro Gomes, que pretende iniciar as viagens pelo Cear\u00e1. Mais precisamente, por 14 munic\u00edpios da Regi\u00e3o do Cariri.<\/span><\/p>\n<p><span style=\"font-weight: 400;\">A \u201cCaravana 12\u201d, do PDT, ser\u00e1 entre os dias 1\u00ba e 3 de mar\u00e7o. Come\u00e7a em Cariria\u00e7u e termina em Ic\u00f3. Ciro ter\u00e1 a companhia do presidente nacional do PDT, Carlos Lupi, e do ex-governador Cid Gomes.<\/span><\/p>\n<p><span style=\"font-weight: 400;\">J\u00e1 o ex-presidente Lula come\u00e7a no dia 27 de fevereiro a caravana pelo Sul do Brasil. A primeira parada ter\u00e1 um encontro com o ex-presidente do Uruguai, Pepe Mujica, em Santana do Livramento. Ainda est\u00e3o previstas passagens nas cidades de S\u00e3o Borja, Palmeira das Miss\u00f5es, Passo Fundo e Porto Alegre, no Rio Grande do Sul.<\/span><\/p>\n","protected":false},"excerpt":{"rendered":"<p>A campanha eleitoral n\u00e3o come\u00e7ou oficialmente, mas o ex-presidente Lula j\u00e1 anuncia outra caravana no Sul do Pa\u00eds. Quem tamb\u00e9m entra na ideia \u00e9 o ex-ministro Ciro Gomes, que pretende iniciar as viagens pelo Cear\u00e1. Mais precisamente, por 14 munic\u00edpios da Regi\u00e3o do Cariri. A \u201cCaravana 12\u201d, do PDT, ser\u00e1 entre os dias 1\u00ba e 3 de mar\u00e7o. Come\u00e7a em Cariria\u00e7u e termina em Ic\u00f3. Ciro ter\u00e1 a companhia do presidente nacional do PDT, Carlos Lupi, e do ex-governador&hellip;<\/p>\n","protected":false},"author":1,"featured_media":0,"comment_status":"open","ping_status":"open","sticky":false,"template":"","format":"standard","meta":{"footnotes":""},"categories":[1],"tags":[],"class_list":["post-8196","post","type-post","status-publish","format-standard","hentry","category-noticias"],"_links":{"self":[{"href":"https:\/\/blogdorogeriogomes.com.br\/noticias\/wp-json\/wp\/v2\/posts\/8196","targetHints":{"allow":["GET"]}}],"collection":[{"href":"https:\/\/blogdorogeriogomes.com.br\/noticias\/wp-json\/wp\/v2\/posts"}],"about":[{"href":"https:\/\/blogdorogeriogomes.com.br\/noticias\/wp-json\/wp\/v2\/types\/post"}],"author":[{"embeddable":true,"href":"https:\/\/blogdorogeriogomes.com.br\/noticias\/wp-json\/wp\/v2\/users\/1"}],"replies":[{"embeddable":true,"href":"https:\/\/blogdorogeriogomes.com.br\/noticias\/wp-json\/wp\/v2\/comments?post=8196"}],"version-history":[{"count":1,"href":"https:\/\/blogdorogeriogomes.com.br\/noticias\/wp-json\/wp\/v2\/posts\/8196\/revisions"}],"predecessor-version":[{"id":8198,"href":"https:\/\/blogdorogeriogomes.com.br\/noticias\/wp-json\/wp\/v2\/posts\/8196\/revisions\/8198"}],"wp:attachment":[{"href":"https:\/\/blogdorogeriogomes.com.br\/noticias\/wp-json\/wp\/v2\/media?parent=8196"}],"wp:term":[{"taxonomy":"category","embeddable":true,"href":"https:\/\/blogdorogeriogomes.com.br\/noticias\/wp-json\/wp\/v2\/categories?post=8196"},{"taxonomy":"post_tag","embeddable":true,"href":"https:\/\/blogdorogeriogomes.com.br\/noticias\/wp-json\/wp\/v2\/tags?post=8196"}],"curies":[{"name":"wp","href":"https:\/\/api.w.org\/{rel}","templated":true}]}}