{"id":8199,"date":"2018-02-16T09:17:03","date_gmt":"2018-02-16T09:17:03","guid":{"rendered":"http:\/\/blogdorogeriogomes.com.br\/?p=8199"},"modified":"2018-02-16T09:17:03","modified_gmt":"2018-02-16T09:17:03","slug":"chuvas-devem-continuar-intensas-no-ceara-ate-o-fim-de-semana-diz-funceme","status":"publish","type":"post","link":"https:\/\/blogdorogeriogomes.com.br\/noticias\/2018\/02\/chuvas-devem-continuar-intensas-no-ceara-ate-o-fim-de-semana-diz-funceme\/","title":{"rendered":"Chuvas devem continuar intensas no Cear\u00e1 at\u00e9 o fim de semana, diz Funceme"},"content":{"rendered":"<p><img loading=\"lazy\" decoding=\"async\" class=\"alignnone size-medium wp-image-8200\" src=\"http:\/\/blogdorogeriogomes.com.br\/wp-content\/uploads\/2018\/02\/images-15-300x180.jpeg\" alt=\"images (15)\" width=\"300\" height=\"180\" srcset=\"https:\/\/blogdorogeriogomes.com.br\/noticias\/wp-content\/uploads\/2018\/02\/images-15-300x180.jpeg 300w, https:\/\/blogdorogeriogomes.com.br\/noticias\/wp-content\/uploads\/2018\/02\/images-15.jpeg 495w\" sizes=\"auto, (max-width: 300px) 100vw, 300px\" \/><\/p>\n<p><span style=\"font-weight: 400;\">A previs\u00e3o de chuvas no Cear\u00e1, para os pr\u00f3ximos dias, \u00e9 de continuidade nas precipita\u00e7\u00f5es. A Funceme atesta que, pelo menos at\u00e9 este s\u00e1bado, dia 17 de fevereiro, o Estado deve ter c\u00e9u nublado com eventos de precipita\u00e7\u00f5es em todas as regi\u00f5es ao longo do dia.<\/span><\/p>\n<p><span style=\"font-weight: 400;\">Durante o Carnaval e o restante da semana, todas as regi\u00f5es do Cear\u00e1 foram banhadas pelas chuvas. Afinal, fevereiro \u00e9 o primeiro m\u00eas da quadra chuvosa. A maior preocupa\u00e7\u00e3o, no momento, \u00e9 com a reposi\u00e7\u00e3o dos reservat\u00f3rios cearenses. <\/span><\/p>\n<p><span style=\"font-weight: 400;\">Com as chuvas dos \u00faltimos dias, 81 a\u00e7udes no Cear\u00e1 receberam aporte de \u00e1gua. De acordo com a Companhia de Gest\u00e3o dos Recursos H\u00eddricos (Cogerh), o volume armazenado dos reservat\u00f3rios cearenses cresceu 16,4 milh\u00f5es de metros c\u00fabicos na semana que passou. Mas ainda \u00e9 preciso chover mais. O n\u00edvel m\u00e9dio dos reservat\u00f3rios \u00e9 de 6,18% da capacidade. Dos 155 a\u00e7udes monitorados pela Cogerh, 22 est\u00e3o secos e 50 est\u00e3o no volume morto.<\/span><\/p>\n","protected":false},"excerpt":{"rendered":"<p>A previs\u00e3o de chuvas no Cear\u00e1, para os pr\u00f3ximos dias, \u00e9 de continuidade nas precipita\u00e7\u00f5es. A Funceme atesta que, pelo menos at\u00e9 este s\u00e1bado, dia 17 de fevereiro, o Estado deve ter c\u00e9u nublado com eventos de precipita\u00e7\u00f5es em todas as regi\u00f5es ao longo do dia. Durante o Carnaval e o restante da semana, todas as regi\u00f5es do Cear\u00e1 foram banhadas pelas chuvas. Afinal, fevereiro \u00e9 o primeiro m\u00eas da quadra chuvosa. A maior preocupa\u00e7\u00e3o, no momento, \u00e9 com&hellip;<\/p>\n","protected":false},"author":1,"featured_media":0,"comment_status":"open","ping_status":"open","sticky":false,"template":"","format":"standard","meta":{"footnotes":""},"categories":[1],"tags":[],"class_list":["post-8199","post","type-post","status-publish","format-standard","hentry","category-noticias"],"_links":{"self":[{"href":"https:\/\/blogdorogeriogomes.com.br\/noticias\/wp-json\/wp\/v2\/posts\/8199","targetHints":{"allow":["GET"]}}],"collection":[{"href":"https:\/\/blogdorogeriogomes.com.br\/noticias\/wp-json\/wp\/v2\/posts"}],"about":[{"href":"https:\/\/blogdorogeriogomes.com.br\/noticias\/wp-json\/wp\/v2\/types\/post"}],"author":[{"embeddable":true,"href":"https:\/\/blogdorogeriogomes.com.br\/noticias\/wp-json\/wp\/v2\/users\/1"}],"replies":[{"embeddable":true,"href":"https:\/\/blogdorogeriogomes.com.br\/noticias\/wp-json\/wp\/v2\/comments?post=8199"}],"version-history":[{"count":1,"href":"https:\/\/blogdorogeriogomes.com.br\/noticias\/wp-json\/wp\/v2\/posts\/8199\/revisions"}],"predecessor-version":[{"id":8201,"href":"https:\/\/blogdorogeriogomes.com.br\/noticias\/wp-json\/wp\/v2\/posts\/8199\/revisions\/8201"}],"wp:attachment":[{"href":"https:\/\/blogdorogeriogomes.com.br\/noticias\/wp-json\/wp\/v2\/media?parent=8199"}],"wp:term":[{"taxonomy":"category","embeddable":true,"href":"https:\/\/blogdorogeriogomes.com.br\/noticias\/wp-json\/wp\/v2\/categories?post=8199"},{"taxonomy":"post_tag","embeddable":true,"href":"https:\/\/blogdorogeriogomes.com.br\/noticias\/wp-json\/wp\/v2\/tags?post=8199"}],"curies":[{"name":"wp","href":"https:\/\/api.w.org\/{rel}","templated":true}]}}