{"id":8202,"date":"2018-02-16T09:23:06","date_gmt":"2018-02-16T09:23:06","guid":{"rendered":"http:\/\/blogdorogeriogomes.com.br\/?p=8202"},"modified":"2018-02-16T09:23:06","modified_gmt":"2018-02-16T09:23:06","slug":"cpi-do-narcotrafico-nao-deve-ser-instalada-na-al","status":"publish","type":"post","link":"https:\/\/blogdorogeriogomes.com.br\/noticias\/2018\/02\/cpi-do-narcotrafico-nao-deve-ser-instalada-na-al\/","title":{"rendered":"CPI do Narcotr\u00e1fico n\u00e3o deve ser instalada na AL"},"content":{"rendered":"<p><img loading=\"lazy\" decoding=\"async\" class=\"alignnone size-medium wp-image-8203\" src=\"http:\/\/blogdorogeriogomes.com.br\/wp-content\/uploads\/2018\/02\/unnamed-2-300x200.jpg\" alt=\"unnamed (2)\" width=\"300\" height=\"200\" srcset=\"https:\/\/blogdorogeriogomes.com.br\/noticias\/wp-content\/uploads\/2018\/02\/unnamed-2-300x200.jpg 300w, https:\/\/blogdorogeriogomes.com.br\/noticias\/wp-content\/uploads\/2018\/02\/unnamed-2.jpg 470w\" sizes=\"auto, (max-width: 300px) 100vw, 300px\" \/><\/p>\n<p><span style=\"font-weight: 400;\">O l\u00edder do Governo, Evandro Leit\u00e3o, confirmou n\u00e3o ter interesse na instala\u00e7\u00e3o da CPI do Narcotr\u00e1fico na Assembleia Legislativa. Os trabalhos na AL foram retomados nesta quinta-feira, dia 15 de fevereiro. Leit\u00e3o mostrou preocupa\u00e7\u00e3o com a seguran\u00e7a da fam\u00edlia ao tratar do tema.<\/span><\/p>\n<p><span style=\"font-weight: 400;\">O presidente da AL, Zezinho Albuquerque, tamb\u00e9m j\u00e1 tinha se manifestado contr\u00e1rio \u00e0 CPI do Narcotr\u00e1fico. Segundo ele, uma a\u00e7\u00e3o dos deputados estaduais seria ineficaz por se tratar de um assunto que merece interven\u00e7\u00e3o federal.<\/span><\/p>\n<p><span style=\"font-weight: 400;\">Com a base governista mais do que dividida em torno da instala\u00e7\u00e3o da comiss\u00e3o, \u00e9 mais do que certo que ela n\u00e3o vai sair do papel. O pedido para instalar uma CPI que investigue o tr\u00e1fico de drogas no Cear\u00e1 est\u00e1 em tramita\u00e7\u00e3o na Assembleia Legislativa desde 2015.<\/span><\/p>\n","protected":false},"excerpt":{"rendered":"<p>O l\u00edder do Governo, Evandro Leit\u00e3o, confirmou n\u00e3o ter interesse na instala\u00e7\u00e3o da CPI do Narcotr\u00e1fico na Assembleia Legislativa. Os trabalhos na AL foram retomados nesta quinta-feira, dia 15 de fevereiro. Leit\u00e3o mostrou preocupa\u00e7\u00e3o com a seguran\u00e7a da fam\u00edlia ao tratar do tema. O presidente da AL, Zezinho Albuquerque, tamb\u00e9m j\u00e1 tinha se manifestado contr\u00e1rio \u00e0 CPI do Narcotr\u00e1fico. Segundo ele, uma a\u00e7\u00e3o dos deputados estaduais seria ineficaz por se tratar de um assunto que merece interven\u00e7\u00e3o federal. Com&hellip;<\/p>\n","protected":false},"author":1,"featured_media":0,"comment_status":"open","ping_status":"open","sticky":false,"template":"","format":"standard","meta":{"footnotes":""},"categories":[1],"tags":[],"class_list":["post-8202","post","type-post","status-publish","format-standard","hentry","category-noticias"],"_links":{"self":[{"href":"https:\/\/blogdorogeriogomes.com.br\/noticias\/wp-json\/wp\/v2\/posts\/8202","targetHints":{"allow":["GET"]}}],"collection":[{"href":"https:\/\/blogdorogeriogomes.com.br\/noticias\/wp-json\/wp\/v2\/posts"}],"about":[{"href":"https:\/\/blogdorogeriogomes.com.br\/noticias\/wp-json\/wp\/v2\/types\/post"}],"author":[{"embeddable":true,"href":"https:\/\/blogdorogeriogomes.com.br\/noticias\/wp-json\/wp\/v2\/users\/1"}],"replies":[{"embeddable":true,"href":"https:\/\/blogdorogeriogomes.com.br\/noticias\/wp-json\/wp\/v2\/comments?post=8202"}],"version-history":[{"count":1,"href":"https:\/\/blogdorogeriogomes.com.br\/noticias\/wp-json\/wp\/v2\/posts\/8202\/revisions"}],"predecessor-version":[{"id":8204,"href":"https:\/\/blogdorogeriogomes.com.br\/noticias\/wp-json\/wp\/v2\/posts\/8202\/revisions\/8204"}],"wp:attachment":[{"href":"https:\/\/blogdorogeriogomes.com.br\/noticias\/wp-json\/wp\/v2\/media?parent=8202"}],"wp:term":[{"taxonomy":"category","embeddable":true,"href":"https:\/\/blogdorogeriogomes.com.br\/noticias\/wp-json\/wp\/v2\/categories?post=8202"},{"taxonomy":"post_tag","embeddable":true,"href":"https:\/\/blogdorogeriogomes.com.br\/noticias\/wp-json\/wp\/v2\/tags?post=8202"}],"curies":[{"name":"wp","href":"https:\/\/api.w.org\/{rel}","templated":true}]}}