{"id":8205,"date":"2018-02-16T22:01:08","date_gmt":"2018-02-16T22:01:08","guid":{"rendered":"http:\/\/blogdorogeriogomes.com.br\/?p=8205"},"modified":"2018-02-16T22:01:08","modified_gmt":"2018-02-16T22:01:08","slug":"intervencao-no-rj-sera-votada-na-camara-reforma-da-previdencia-sai-da-pauta","status":"publish","type":"post","link":"https:\/\/blogdorogeriogomes.com.br\/noticias\/2018\/02\/intervencao-no-rj-sera-votada-na-camara-reforma-da-previdencia-sai-da-pauta\/","title":{"rendered":"Interven\u00e7\u00e3o no RJ ser\u00e1 votada na C\u00e2mara. Reforma da Previd\u00eancia sai da pauta"},"content":{"rendered":"<p><img loading=\"lazy\" decoding=\"async\" class=\"alignnone size-full wp-image-8206\" src=\"http:\/\/blogdorogeriogomes.com.br\/wp-content\/uploads\/2018\/02\/images-16.jpeg\" alt=\"images (16)\" width=\"275\" height=\"183\" \/><\/p>\n<p><span style=\"font-weight: 400;\">A interven\u00e7\u00e3o federal no Rio de Janeiro passa a dominar as aten\u00e7\u00f5es do Congresso Nacional na pr\u00f3xima semana. E com isso, a proposta de reforma da Previd\u00eancia sai da pauta da C\u00e2mara. O presidente da C\u00e2mara dos Deputados, Rodrigo Maia, marcou para a pr\u00f3xima segunda-feira, dia 19 de fevereiro, a vota\u00e7\u00e3o do decreto de interven\u00e7\u00e3o. A proposta ser\u00e1 apreciada no plen\u00e1rio da Casa e precisa da maioria simples dos votos para avan\u00e7ar para o Senado.<\/span><\/p>\n<p><span style=\"font-weight: 400;\">O detalhe \u00e9 que a PEC da reforma previdenci\u00e1ria tem de sair de pauta, porque a Constitui\u00e7\u00e3o n\u00e3o pode sofrer qualquer tipo de emenda na vig\u00eancia de interven\u00e7\u00e3o federal, de estado de defesa ou de estado de s\u00edtio.<\/span><\/p>\n<p><span style=\"font-weight: 400;\">N\u00e3o deixou de ser uma estrat\u00e9gia do presidente Michel Temer em retirar a reforma da Previd\u00eancia da pauta porque, simplesmente, o Governo Federal n\u00e3o tem votos para aprov\u00e1-la do jeito que est\u00e1. Fica menos feio.<\/span><\/p>\n<p><span style=\"font-weight: 400;\">Mesmo assim, as centrais sindicais mant\u00eam uma greve geral programada para a segunda-feira, dia 19. A Contraf (Confedera\u00e7\u00e3o Nacional dos Trabalhadores do Ramo Financeiro), entidade ligada \u00e0 CUT (Central \u00danica dos Trabalhadores), convocou banc\u00e1rios de todo o Brasil a aderirem \u00e0 paralisa\u00e7\u00e3o.<\/span><\/p>\n","protected":false},"excerpt":{"rendered":"<p>A interven\u00e7\u00e3o federal no Rio de Janeiro passa a dominar as aten\u00e7\u00f5es do Congresso Nacional na pr\u00f3xima semana. E com isso, a proposta de reforma da Previd\u00eancia sai da pauta da C\u00e2mara. O presidente da C\u00e2mara dos Deputados, Rodrigo Maia, marcou para a pr\u00f3xima segunda-feira, dia 19 de fevereiro, a vota\u00e7\u00e3o do decreto de interven\u00e7\u00e3o. A proposta ser\u00e1 apreciada no plen\u00e1rio da Casa e precisa da maioria simples dos votos para avan\u00e7ar para o Senado. O detalhe \u00e9 que&hellip;<\/p>\n","protected":false},"author":1,"featured_media":0,"comment_status":"open","ping_status":"open","sticky":false,"template":"","format":"standard","meta":{"footnotes":""},"categories":[1],"tags":[],"class_list":["post-8205","post","type-post","status-publish","format-standard","hentry","category-noticias"],"_links":{"self":[{"href":"https:\/\/blogdorogeriogomes.com.br\/noticias\/wp-json\/wp\/v2\/posts\/8205","targetHints":{"allow":["GET"]}}],"collection":[{"href":"https:\/\/blogdorogeriogomes.com.br\/noticias\/wp-json\/wp\/v2\/posts"}],"about":[{"href":"https:\/\/blogdorogeriogomes.com.br\/noticias\/wp-json\/wp\/v2\/types\/post"}],"author":[{"embeddable":true,"href":"https:\/\/blogdorogeriogomes.com.br\/noticias\/wp-json\/wp\/v2\/users\/1"}],"replies":[{"embeddable":true,"href":"https:\/\/blogdorogeriogomes.com.br\/noticias\/wp-json\/wp\/v2\/comments?post=8205"}],"version-history":[{"count":1,"href":"https:\/\/blogdorogeriogomes.com.br\/noticias\/wp-json\/wp\/v2\/posts\/8205\/revisions"}],"predecessor-version":[{"id":8207,"href":"https:\/\/blogdorogeriogomes.com.br\/noticias\/wp-json\/wp\/v2\/posts\/8205\/revisions\/8207"}],"wp:attachment":[{"href":"https:\/\/blogdorogeriogomes.com.br\/noticias\/wp-json\/wp\/v2\/media?parent=8205"}],"wp:term":[{"taxonomy":"category","embeddable":true,"href":"https:\/\/blogdorogeriogomes.com.br\/noticias\/wp-json\/wp\/v2\/categories?post=8205"},{"taxonomy":"post_tag","embeddable":true,"href":"https:\/\/blogdorogeriogomes.com.br\/noticias\/wp-json\/wp\/v2\/tags?post=8205"}],"curies":[{"name":"wp","href":"https:\/\/api.w.org\/{rel}","templated":true}]}}