{"id":8208,"date":"2018-02-16T22:07:48","date_gmt":"2018-02-16T22:07:48","guid":{"rendered":"http:\/\/blogdorogeriogomes.com.br\/?p=8208"},"modified":"2018-02-16T22:07:48","modified_gmt":"2018-02-16T22:07:48","slug":"ministro-das-comunicacoes-apresenta-internet-para-todos-a-prefeitos-cearenses","status":"publish","type":"post","link":"https:\/\/blogdorogeriogomes.com.br\/noticias\/2018\/02\/ministro-das-comunicacoes-apresenta-internet-para-todos-a-prefeitos-cearenses\/","title":{"rendered":"Ministro das Comunica\u00e7\u00f5es apresenta \u201cInternet para Todos\u201d a prefeitos cearenses"},"content":{"rendered":"<p><img loading=\"lazy\" decoding=\"async\" class=\"alignnone size-medium wp-image-8209\" src=\"http:\/\/blogdorogeriogomes.com.br\/wp-content\/uploads\/2018\/02\/images-17-300x222.jpeg\" alt=\"images (17)\" width=\"300\" height=\"222\" srcset=\"https:\/\/blogdorogeriogomes.com.br\/noticias\/wp-content\/uploads\/2018\/02\/images-17-300x222.jpeg 300w, https:\/\/blogdorogeriogomes.com.br\/noticias\/wp-content\/uploads\/2018\/02\/images-17.jpeg 445w\" sizes=\"auto, (max-width: 300px) 100vw, 300px\" \/><\/p>\n<p><span style=\"font-size: 0.8rem;\">O ministro da Ci\u00eancia, Tecnologia, Inova\u00e7\u00f5es e Comunica\u00e7\u00f5es, Gilberto Kassab, apresenta nesta segunda, dia 19 de fevereiro, no audit\u00f3rio do Sebrae, em Fortaleza, o programa Internet para Todos a prefeitos e gestores de munic\u00edpios do Cear\u00e1 e Rio Grande do Norte.<\/span><br \/>\n<span style=\"font-weight: 400;\">Atrav\u00e9s do projeto Internet para Todos ser\u00e1 poss\u00edvel levar banda larga para escolas, hospitais e localidades sem conectividade de todo o pa\u00eds a partir do Sat\u00e9lite Geoestacion\u00e1rio de Defesa e Comunica\u00e7\u00f5es Estrat\u00e9gicas, em \u00f3rbita desde maio de 2017 e que custou cerca de R$ 3 bilh\u00f5es de investimentos do governo e tem vida \u00fatil de at\u00e9 18 anos.<\/span><span style=\"font-weight: 400;\"><br \/>\n<\/span><span style=\"font-weight: 400;\">A partir de conv\u00eanios com as prefeituras, ser\u00e3o instaladas antenas para conectar localidades sem banda larga. A popula\u00e7\u00e3o das localidades beneficiadas ter\u00e1 um custo bem menor para se conectar \u00e0 internet.<\/span><\/p>\n","protected":false},"excerpt":{"rendered":"<p>O ministro da Ci\u00eancia, Tecnologia, Inova\u00e7\u00f5es e Comunica\u00e7\u00f5es, Gilberto Kassab, apresenta nesta segunda, dia 19 de fevereiro, no audit\u00f3rio do Sebrae, em Fortaleza, o programa Internet para Todos a prefeitos e gestores de munic\u00edpios do Cear\u00e1 e Rio Grande do Norte. Atrav\u00e9s do projeto Internet para Todos ser\u00e1 poss\u00edvel levar banda larga para escolas, hospitais e localidades sem conectividade de todo o pa\u00eds a partir do Sat\u00e9lite Geoestacion\u00e1rio de Defesa e Comunica\u00e7\u00f5es Estrat\u00e9gicas, em \u00f3rbita desde maio de 2017&hellip;<\/p>\n","protected":false},"author":1,"featured_media":0,"comment_status":"open","ping_status":"open","sticky":false,"template":"","format":"standard","meta":{"footnotes":""},"categories":[1],"tags":[],"class_list":["post-8208","post","type-post","status-publish","format-standard","hentry","category-noticias"],"_links":{"self":[{"href":"https:\/\/blogdorogeriogomes.com.br\/noticias\/wp-json\/wp\/v2\/posts\/8208","targetHints":{"allow":["GET"]}}],"collection":[{"href":"https:\/\/blogdorogeriogomes.com.br\/noticias\/wp-json\/wp\/v2\/posts"}],"about":[{"href":"https:\/\/blogdorogeriogomes.com.br\/noticias\/wp-json\/wp\/v2\/types\/post"}],"author":[{"embeddable":true,"href":"https:\/\/blogdorogeriogomes.com.br\/noticias\/wp-json\/wp\/v2\/users\/1"}],"replies":[{"embeddable":true,"href":"https:\/\/blogdorogeriogomes.com.br\/noticias\/wp-json\/wp\/v2\/comments?post=8208"}],"version-history":[{"count":1,"href":"https:\/\/blogdorogeriogomes.com.br\/noticias\/wp-json\/wp\/v2\/posts\/8208\/revisions"}],"predecessor-version":[{"id":8210,"href":"https:\/\/blogdorogeriogomes.com.br\/noticias\/wp-json\/wp\/v2\/posts\/8208\/revisions\/8210"}],"wp:attachment":[{"href":"https:\/\/blogdorogeriogomes.com.br\/noticias\/wp-json\/wp\/v2\/media?parent=8208"}],"wp:term":[{"taxonomy":"category","embeddable":true,"href":"https:\/\/blogdorogeriogomes.com.br\/noticias\/wp-json\/wp\/v2\/categories?post=8208"},{"taxonomy":"post_tag","embeddable":true,"href":"https:\/\/blogdorogeriogomes.com.br\/noticias\/wp-json\/wp\/v2\/tags?post=8208"}],"curies":[{"name":"wp","href":"https:\/\/api.w.org\/{rel}","templated":true}]}}