{"id":8211,"date":"2018-02-17T12:51:29","date_gmt":"2018-02-17T12:51:29","guid":{"rendered":"http:\/\/blogdorogeriogomes.com.br\/?p=8211"},"modified":"2018-02-17T12:51:29","modified_gmt":"2018-02-17T12:51:29","slug":"prefeitura-de-fortaleza-anuncia-novas-concessoes-com-a-iniciativa-privada","status":"publish","type":"post","link":"https:\/\/blogdorogeriogomes.com.br\/noticias\/2018\/02\/prefeitura-de-fortaleza-anuncia-novas-concessoes-com-a-iniciativa-privada\/","title":{"rendered":"Prefeitura de Fortaleza anuncia novas concess\u00f5es com a iniciativa privada"},"content":{"rendered":"<p><img loading=\"lazy\" decoding=\"async\" class=\"alignnone size-medium wp-image-8212\" src=\"http:\/\/blogdorogeriogomes.com.br\/wp-content\/uploads\/2018\/02\/images-18-300x227.jpeg\" alt=\"images (18)\" width=\"300\" height=\"227\" srcset=\"https:\/\/blogdorogeriogomes.com.br\/noticias\/wp-content\/uploads\/2018\/02\/images-18-300x227.jpeg 300w, https:\/\/blogdorogeriogomes.com.br\/noticias\/wp-content\/uploads\/2018\/02\/images-18.jpeg 441w\" sizes=\"auto, (max-width: 300px) 100vw, 300px\" \/><\/p>\n<p><span style=\"font-weight: 400;\">O prefeito de Fortaleza, Roberto Cl\u00e1udio, planeja novas parcerias com a iniciativa privada para este semestre. Uma delas nas vagas de estacionamento. Em mar\u00e7o deve ser lan\u00e7ado um edital para a Zona Azul. Ser\u00e1 feita uma concess\u00e3o para que parte das vagas seja gerenciada pela iniciativa privada. Outra a\u00e7\u00e3o semelhante ser\u00e1 para o uso do Wi-Fi em pra\u00e7as e espa\u00e7os p\u00fablicos. <\/span><\/p>\n<p><span style=\"font-weight: 400;\">Em maio, a ideia \u00e9 ampliar a oferta de \u00f4nibus do Aeroporto Internacional Pinto Martins para a zona hoteleira de Fortaleza. O Sindionibus vai operar uma nova linha expressa no trecho em hor\u00e1rios de pico.<\/span><\/p>\n","protected":false},"excerpt":{"rendered":"<p>O prefeito de Fortaleza, Roberto Cl\u00e1udio, planeja novas parcerias com a iniciativa privada para este semestre. Uma delas nas vagas de estacionamento. Em mar\u00e7o deve ser lan\u00e7ado um edital para a Zona Azul. Ser\u00e1 feita uma concess\u00e3o para que parte das vagas seja gerenciada pela iniciativa privada. Outra a\u00e7\u00e3o semelhante ser\u00e1 para o uso do Wi-Fi em pra\u00e7as e espa\u00e7os p\u00fablicos. Em maio, a ideia \u00e9 ampliar a oferta de \u00f4nibus do Aeroporto Internacional Pinto Martins para a zona&hellip;<\/p>\n","protected":false},"author":1,"featured_media":0,"comment_status":"open","ping_status":"open","sticky":false,"template":"","format":"standard","meta":{"footnotes":""},"categories":[1],"tags":[],"class_list":["post-8211","post","type-post","status-publish","format-standard","hentry","category-noticias"],"_links":{"self":[{"href":"https:\/\/blogdorogeriogomes.com.br\/noticias\/wp-json\/wp\/v2\/posts\/8211","targetHints":{"allow":["GET"]}}],"collection":[{"href":"https:\/\/blogdorogeriogomes.com.br\/noticias\/wp-json\/wp\/v2\/posts"}],"about":[{"href":"https:\/\/blogdorogeriogomes.com.br\/noticias\/wp-json\/wp\/v2\/types\/post"}],"author":[{"embeddable":true,"href":"https:\/\/blogdorogeriogomes.com.br\/noticias\/wp-json\/wp\/v2\/users\/1"}],"replies":[{"embeddable":true,"href":"https:\/\/blogdorogeriogomes.com.br\/noticias\/wp-json\/wp\/v2\/comments?post=8211"}],"version-history":[{"count":1,"href":"https:\/\/blogdorogeriogomes.com.br\/noticias\/wp-json\/wp\/v2\/posts\/8211\/revisions"}],"predecessor-version":[{"id":8213,"href":"https:\/\/blogdorogeriogomes.com.br\/noticias\/wp-json\/wp\/v2\/posts\/8211\/revisions\/8213"}],"wp:attachment":[{"href":"https:\/\/blogdorogeriogomes.com.br\/noticias\/wp-json\/wp\/v2\/media?parent=8211"}],"wp:term":[{"taxonomy":"category","embeddable":true,"href":"https:\/\/blogdorogeriogomes.com.br\/noticias\/wp-json\/wp\/v2\/categories?post=8211"},{"taxonomy":"post_tag","embeddable":true,"href":"https:\/\/blogdorogeriogomes.com.br\/noticias\/wp-json\/wp\/v2\/tags?post=8211"}],"curies":[{"name":"wp","href":"https:\/\/api.w.org\/{rel}","templated":true}]}}