{"id":8214,"date":"2018-02-17T13:18:02","date_gmt":"2018-02-17T13:18:02","guid":{"rendered":"http:\/\/blogdorogeriogomes.com.br\/?p=8214"},"modified":"2018-02-17T13:18:02","modified_gmt":"2018-02-17T13:18:02","slug":"horario-de-verao-termina-neste-domingo-dia-18","status":"publish","type":"post","link":"https:\/\/blogdorogeriogomes.com.br\/noticias\/2018\/02\/horario-de-verao-termina-neste-domingo-dia-18\/","title":{"rendered":"Hor\u00e1rio de ver\u00e3o termina neste domingo, dia 18"},"content":{"rendered":"<p><img loading=\"lazy\" decoding=\"async\" class=\"alignnone size-full wp-image-8215\" src=\"http:\/\/blogdorogeriogomes.com.br\/wp-content\/uploads\/2018\/02\/images-19-1.jpeg\" alt=\"images (19)\" width=\"275\" height=\"184\" \/><\/p>\n<p><span style=\"font-weight: 400;\">O hor\u00e1rio de ver\u00e3o chega ao fim neste domingo, dia 18 de fevereiro, no Distrito Federal e dos estados do Sul (Paran\u00e1, Santa Catarina e Rio Grande do Sul), do Sudeste (Minas Gerais, Esp\u00edrito Santo, Rio de Janeiro e S\u00e3o Paulo) e do Centro-Oeste (Goi\u00e1s, Mato Grosso e Mato Grosso do Sul). Os moradores dessas localidades devem atrasar o rel\u00f3gio em uma hora a partir de meia-noite de domingo. Assim, o Nordeste do Pa\u00eds volta a ficar com o mesmo hor\u00e1rio de Bras\u00edlia.<\/span><\/p>\n<p><span style=\"font-weight: 400;\">Para os cearenses, pouco muda. Bancos, Correios e voos para outros estados mant\u00eam os hor\u00e1rios que j\u00e1 vinham sendo praticados no fuso local. As emissoras de r\u00e1dio e TV \u00e9 quem devem fazer altera\u00e7\u00f5es de acordo com cada programa\u00e7\u00e3o.<\/span><\/p>\n","protected":false},"excerpt":{"rendered":"<p>O hor\u00e1rio de ver\u00e3o chega ao fim neste domingo, dia 18 de fevereiro, no Distrito Federal e dos estados do Sul (Paran\u00e1, Santa Catarina e Rio Grande do Sul), do Sudeste (Minas Gerais, Esp\u00edrito Santo, Rio de Janeiro e S\u00e3o Paulo) e do Centro-Oeste (Goi\u00e1s, Mato Grosso e Mato Grosso do Sul). Os moradores dessas localidades devem atrasar o rel\u00f3gio em uma hora a partir de meia-noite de domingo. Assim, o Nordeste do Pa\u00eds volta a ficar com o&hellip;<\/p>\n","protected":false},"author":1,"featured_media":0,"comment_status":"open","ping_status":"open","sticky":false,"template":"","format":"standard","meta":{"footnotes":""},"categories":[1],"tags":[],"class_list":["post-8214","post","type-post","status-publish","format-standard","hentry","category-noticias"],"_links":{"self":[{"href":"https:\/\/blogdorogeriogomes.com.br\/noticias\/wp-json\/wp\/v2\/posts\/8214","targetHints":{"allow":["GET"]}}],"collection":[{"href":"https:\/\/blogdorogeriogomes.com.br\/noticias\/wp-json\/wp\/v2\/posts"}],"about":[{"href":"https:\/\/blogdorogeriogomes.com.br\/noticias\/wp-json\/wp\/v2\/types\/post"}],"author":[{"embeddable":true,"href":"https:\/\/blogdorogeriogomes.com.br\/noticias\/wp-json\/wp\/v2\/users\/1"}],"replies":[{"embeddable":true,"href":"https:\/\/blogdorogeriogomes.com.br\/noticias\/wp-json\/wp\/v2\/comments?post=8214"}],"version-history":[{"count":1,"href":"https:\/\/blogdorogeriogomes.com.br\/noticias\/wp-json\/wp\/v2\/posts\/8214\/revisions"}],"predecessor-version":[{"id":8216,"href":"https:\/\/blogdorogeriogomes.com.br\/noticias\/wp-json\/wp\/v2\/posts\/8214\/revisions\/8216"}],"wp:attachment":[{"href":"https:\/\/blogdorogeriogomes.com.br\/noticias\/wp-json\/wp\/v2\/media?parent=8214"}],"wp:term":[{"taxonomy":"category","embeddable":true,"href":"https:\/\/blogdorogeriogomes.com.br\/noticias\/wp-json\/wp\/v2\/categories?post=8214"},{"taxonomy":"post_tag","embeddable":true,"href":"https:\/\/blogdorogeriogomes.com.br\/noticias\/wp-json\/wp\/v2\/tags?post=8214"}],"curies":[{"name":"wp","href":"https:\/\/api.w.org\/{rel}","templated":true}]}}