{"id":8217,"date":"2018-02-19T09:57:23","date_gmt":"2018-02-19T09:57:23","guid":{"rendered":"http:\/\/blogdorogeriogomes.com.br\/?p=8217"},"modified":"2018-02-19T09:57:23","modified_gmt":"2018-02-19T09:57:23","slug":"forca-tarefa-da-pf-e-forca-nacional-comeca-a-atuar-hoje-no-ceara-contra-o-crime-organizado","status":"publish","type":"post","link":"https:\/\/blogdorogeriogomes.com.br\/noticias\/2018\/02\/forca-tarefa-da-pf-e-forca-nacional-comeca-a-atuar-hoje-no-ceara-contra-o-crime-organizado\/","title":{"rendered":"For\u00e7a-tarefa da PF e For\u00e7a Nacional come\u00e7a a atuar hoje no Cear\u00e1 contra o crime organizado"},"content":{"rendered":"<p><img loading=\"lazy\" decoding=\"async\" class=\"alignnone size-medium wp-image-8218\" src=\"http:\/\/blogdorogeriogomes.com.br\/wp-content\/uploads\/2018\/02\/2016-07-05_16_01_38_For\u00e7a-300x228.jpeg\" alt=\"2016-07-05_16_01_38_For\u00e7a\" width=\"300\" height=\"228\" srcset=\"https:\/\/blogdorogeriogomes.com.br\/noticias\/wp-content\/uploads\/2018\/02\/2016-07-05_16_01_38_For\u00e7a-300x228.jpeg 300w, https:\/\/blogdorogeriogomes.com.br\/noticias\/wp-content\/uploads\/2018\/02\/2016-07-05_16_01_38_For\u00e7a.jpeg 460w\" sizes=\"auto, (max-width: 300px) 100vw, 300px\" \/><\/p>\n<p><span style=\"font-weight: 400;\">A for\u00e7a-tarefa montada pela Pol\u00edcia Federal e For\u00e7a Nacional come\u00e7a a atuar nesta segunda-feira, dia 19 de fevereiro, no Cear\u00e1. O servi\u00e7o de intelig\u00eancia vai auxiliar as for\u00e7as de seguran\u00e7a locais no combate \u00e0s fac\u00e7\u00f5es criminosas. A situa\u00e7\u00e3o se agravou ap\u00f3s o assassinato de dois membros da alta c\u00fapula da fac\u00e7\u00e3o criminosa PCC (Primeiro Comando da Capital) em uma a\u00e7\u00e3o que teria envolvido um ataque de helic\u00f3ptero em uma regi\u00e3o ind\u00edgena no Cear\u00e1, na semana passada.<\/span><\/p>\n<p><span style=\"font-weight: 400;\">O presidente Michel Temer decidiu fazer nesta segunda-feira uma reuni\u00e3o com os conselhos nacionais de Defesa e da Rep\u00fablica. Eles s\u00e3o \u00f3rg\u00e3os consultivos da Presid\u00eancia que opinam sobre a decreta\u00e7\u00e3o de interven\u00e7\u00e3o federal, como a que ocorre no Rio de Janeiro. S\u00e3o formados por 23 autoridades entre ministros e os presidentes da C\u00e2mara e do Senado.<\/span><\/p>\n<p><span style=\"font-weight: 400;\">O presidente do Senado, Eun\u00edcio Oliveira, garante, no entanto, que o apoio federal \u00e9 exatamente o que j\u00e1 tinha sido solicitado pelo governador Camilo Santana depois da chacina das Cajazeiras. Segundo ele, n\u00e3o haver\u00e1 nenhum tipo de interven\u00e7\u00e3o federal no Cear\u00e1.<\/span><\/p>\n","protected":false},"excerpt":{"rendered":"<p>A for\u00e7a-tarefa montada pela Pol\u00edcia Federal e For\u00e7a Nacional come\u00e7a a atuar nesta segunda-feira, dia 19 de fevereiro, no Cear\u00e1. O servi\u00e7o de intelig\u00eancia vai auxiliar as for\u00e7as de seguran\u00e7a locais no combate \u00e0s fac\u00e7\u00f5es criminosas. A situa\u00e7\u00e3o se agravou ap\u00f3s o assassinato de dois membros da alta c\u00fapula da fac\u00e7\u00e3o criminosa PCC (Primeiro Comando da Capital) em uma a\u00e7\u00e3o que teria envolvido um ataque de helic\u00f3ptero em uma regi\u00e3o ind\u00edgena no Cear\u00e1, na semana passada. O presidente Michel&hellip;<\/p>\n","protected":false},"author":1,"featured_media":0,"comment_status":"open","ping_status":"open","sticky":false,"template":"","format":"standard","meta":{"footnotes":""},"categories":[1],"tags":[],"class_list":["post-8217","post","type-post","status-publish","format-standard","hentry","category-noticias"],"_links":{"self":[{"href":"https:\/\/blogdorogeriogomes.com.br\/noticias\/wp-json\/wp\/v2\/posts\/8217","targetHints":{"allow":["GET"]}}],"collection":[{"href":"https:\/\/blogdorogeriogomes.com.br\/noticias\/wp-json\/wp\/v2\/posts"}],"about":[{"href":"https:\/\/blogdorogeriogomes.com.br\/noticias\/wp-json\/wp\/v2\/types\/post"}],"author":[{"embeddable":true,"href":"https:\/\/blogdorogeriogomes.com.br\/noticias\/wp-json\/wp\/v2\/users\/1"}],"replies":[{"embeddable":true,"href":"https:\/\/blogdorogeriogomes.com.br\/noticias\/wp-json\/wp\/v2\/comments?post=8217"}],"version-history":[{"count":1,"href":"https:\/\/blogdorogeriogomes.com.br\/noticias\/wp-json\/wp\/v2\/posts\/8217\/revisions"}],"predecessor-version":[{"id":8219,"href":"https:\/\/blogdorogeriogomes.com.br\/noticias\/wp-json\/wp\/v2\/posts\/8217\/revisions\/8219"}],"wp:attachment":[{"href":"https:\/\/blogdorogeriogomes.com.br\/noticias\/wp-json\/wp\/v2\/media?parent=8217"}],"wp:term":[{"taxonomy":"category","embeddable":true,"href":"https:\/\/blogdorogeriogomes.com.br\/noticias\/wp-json\/wp\/v2\/categories?post=8217"},{"taxonomy":"post_tag","embeddable":true,"href":"https:\/\/blogdorogeriogomes.com.br\/noticias\/wp-json\/wp\/v2\/tags?post=8217"}],"curies":[{"name":"wp","href":"https:\/\/api.w.org\/{rel}","templated":true}]}}