{"id":8220,"date":"2018-02-19T10:18:35","date_gmt":"2018-02-19T10:18:35","guid":{"rendered":"http:\/\/blogdorogeriogomes.com.br\/?p=8220"},"modified":"2018-02-19T10:18:35","modified_gmt":"2018-02-19T10:18:35","slug":"intervencao-federal-no-rio-de-janeiro-vai-trazer-prejuizos-na-analise-de-pecs-no-congresso","status":"publish","type":"post","link":"https:\/\/blogdorogeriogomes.com.br\/noticias\/2018\/02\/intervencao-federal-no-rio-de-janeiro-vai-trazer-prejuizos-na-analise-de-pecs-no-congresso\/","title":{"rendered":"Interven\u00e7\u00e3o federal no Rio de Janeiro vai trazer preju\u00edzos na an\u00e1lise de PECs no Congresso"},"content":{"rendered":"<p><img loading=\"lazy\" decoding=\"async\" class=\"alignnone size-full wp-image-8221\" src=\"http:\/\/blogdorogeriogomes.com.br\/wp-content\/uploads\/2018\/02\/download.jpeg\" alt=\"download\" width=\"273\" height=\"184\" \/><\/p>\n<p><span style=\"font-weight: 400;\">Caso seja aprovada pelo Congresso Nacional esta semana, a interven\u00e7\u00e3o federal no Rio de Janeiro, decretada pelo presidente Michel Temer, vai trazer uma s\u00e9rie de problemas na discuss\u00e3o e vota\u00e7\u00e3o de mat\u00e9rias na C\u00e2mara dos Deputados e Senado Federal.<\/span><\/p>\n<p><span style=\"font-weight: 400;\">Se o decreto for aprovado, propostas de emenda \u00e0 Constitui\u00e7\u00e3o (PECs) n\u00e3o podem mais ser discutidas, nem votadas pelos parlamentares at\u00e9 o fim do ano, quando termina a vig\u00eancia da interven\u00e7\u00e3o. H\u00e1 pelo menos 97 PECs que tramitam hoje no Congresso Nacional.<\/span><\/p>\n<p><span style=\"font-weight: 400;\">Uma das mais recentes \u00e9 a que cria as carreiras de pol\u00edcia penal no \u00e2mbito federal, estadual e distrital. H\u00e1 tamb\u00e9m a PEC que revoga dispositivos que hoje garantem o chamado foro privilegiado a autoridades, outra que torna autom\u00e1tica a perda de mandato do parlamentar, caso ele seja condenado por crime contra a administra\u00e7\u00e3o p\u00fablica, e uma que pro\u00edbe o contingenciamento de recursos do Fundo Nacional de Seguran\u00e7a P\u00fablica. Todas elas v\u00e3o ficar travadas na pauta.<\/span><\/p>\n<p><span style=\"font-weight: 400;\">A \u00fanica hip\u00f3tese de o Poder Legislativo voltar a apreciar mudan\u00e7as constitucionais \u00e9 se o presidente Michel Temer revogar o decreto, como tem sinalizado que far\u00e1 para o caso da reforma da Previd\u00eancia.<\/span><\/p>\n","protected":false},"excerpt":{"rendered":"<p>Caso seja aprovada pelo Congresso Nacional esta semana, a interven\u00e7\u00e3o federal no Rio de Janeiro, decretada pelo presidente Michel Temer, vai trazer uma s\u00e9rie de problemas na discuss\u00e3o e vota\u00e7\u00e3o de mat\u00e9rias na C\u00e2mara dos Deputados e Senado Federal. Se o decreto for aprovado, propostas de emenda \u00e0 Constitui\u00e7\u00e3o (PECs) n\u00e3o podem mais ser discutidas, nem votadas pelos parlamentares at\u00e9 o fim do ano, quando termina a vig\u00eancia da interven\u00e7\u00e3o. H\u00e1 pelo menos 97 PECs que tramitam hoje no&hellip;<\/p>\n","protected":false},"author":1,"featured_media":0,"comment_status":"open","ping_status":"open","sticky":false,"template":"","format":"standard","meta":{"footnotes":""},"categories":[1],"tags":[],"class_list":["post-8220","post","type-post","status-publish","format-standard","hentry","category-noticias"],"_links":{"self":[{"href":"https:\/\/blogdorogeriogomes.com.br\/noticias\/wp-json\/wp\/v2\/posts\/8220","targetHints":{"allow":["GET"]}}],"collection":[{"href":"https:\/\/blogdorogeriogomes.com.br\/noticias\/wp-json\/wp\/v2\/posts"}],"about":[{"href":"https:\/\/blogdorogeriogomes.com.br\/noticias\/wp-json\/wp\/v2\/types\/post"}],"author":[{"embeddable":true,"href":"https:\/\/blogdorogeriogomes.com.br\/noticias\/wp-json\/wp\/v2\/users\/1"}],"replies":[{"embeddable":true,"href":"https:\/\/blogdorogeriogomes.com.br\/noticias\/wp-json\/wp\/v2\/comments?post=8220"}],"version-history":[{"count":1,"href":"https:\/\/blogdorogeriogomes.com.br\/noticias\/wp-json\/wp\/v2\/posts\/8220\/revisions"}],"predecessor-version":[{"id":8222,"href":"https:\/\/blogdorogeriogomes.com.br\/noticias\/wp-json\/wp\/v2\/posts\/8220\/revisions\/8222"}],"wp:attachment":[{"href":"https:\/\/blogdorogeriogomes.com.br\/noticias\/wp-json\/wp\/v2\/media?parent=8220"}],"wp:term":[{"taxonomy":"category","embeddable":true,"href":"https:\/\/blogdorogeriogomes.com.br\/noticias\/wp-json\/wp\/v2\/categories?post=8220"},{"taxonomy":"post_tag","embeddable":true,"href":"https:\/\/blogdorogeriogomes.com.br\/noticias\/wp-json\/wp\/v2\/tags?post=8220"}],"curies":[{"name":"wp","href":"https:\/\/api.w.org\/{rel}","templated":true}]}}