{"id":8223,"date":"2018-02-19T18:50:45","date_gmt":"2018-02-19T18:50:45","guid":{"rendered":"http:\/\/blogdorogeriogomes.com.br\/?p=8223"},"modified":"2018-02-19T18:50:45","modified_gmt":"2018-02-19T18:50:45","slug":"capitao-wagner-volta-a-ser-o-nome-da-oposicao-na-disputa-pelo-governo-do-estado","status":"publish","type":"post","link":"https:\/\/blogdorogeriogomes.com.br\/noticias\/2018\/02\/capitao-wagner-volta-a-ser-o-nome-da-oposicao-na-disputa-pelo-governo-do-estado\/","title":{"rendered":"Capit\u00e3o Wagner volta a ser o nome da oposi\u00e7\u00e3o na disputa pelo Governo do Estado"},"content":{"rendered":"<p><img loading=\"lazy\" decoding=\"async\" class=\"alignnone size-medium wp-image-8224\" src=\"http:\/\/blogdorogeriogomes.com.br\/wp-content\/uploads\/2018\/02\/images-20-1-300x200.jpeg\" alt=\"images (20)\" width=\"300\" height=\"200\" srcset=\"https:\/\/blogdorogeriogomes.com.br\/noticias\/wp-content\/uploads\/2018\/02\/images-20-1-300x200.jpeg 300w, https:\/\/blogdorogeriogomes.com.br\/noticias\/wp-content\/uploads\/2018\/02\/images-20-1.jpeg 470w\" sizes=\"auto, (max-width: 300px) 100vw, 300px\" \/><\/p>\n<p><span style=\"font-weight: 400;\">A oposi\u00e7\u00e3o est\u00e1 perto de um acordo de consenso em torno do nome do deputado estadual Capit\u00e3o Wagner Souza para concorrer com o governador Camilo Santana nas elei\u00e7\u00f5es deste ano para o Governo do Estado. A maioria da oposi\u00e7\u00e3o j\u00e1 se decidiu por Wagner. Falta ainda o aval do senador Tasso Jereissati, do PSDB.<\/span><\/p>\n<p><span style=\"font-weight: 400;\">E qual \u00e9 o impasse? Capit\u00e3o Wagner defende a candidatura de Jair Bolsonaro \u00e0 Presid\u00eancia da Rep\u00fablica. J\u00e1 Tasso e o ninho tucano ter\u00e3o candidatura pr\u00f3pria ao Pal\u00e1cio do Planalto. O nome do governador de S\u00e3o Paulo, Geraldo Alckmin, \u00e9 o mais cotado.<\/span><\/p>\n<p><span style=\"font-weight: 400;\">E tem outra. Tasso Jereissati pode ter participa\u00e7\u00e3o financeira importante no grupo da oposi\u00e7\u00e3o na viabiliza\u00e7\u00e3o da candidatura de Capit\u00e3o Wagner, a exemplo do que aconteceu no pleito para a Prefeitura de Fortaleza, quando o deputado estadual do PR foi derrotado por Roberto Cl\u00e1udio (PDT).<\/span><\/p>\n<p><span style=\"font-weight: 400;\">O lan\u00e7amento oficial da pr\u00e9-candidatura de Capit\u00e3o Wagner ao Governo do Estado est\u00e1 previsto para o dia 8 de mar\u00e7o, em Barbalha, na Regi\u00e3o do Cariri. \u00c9 o ber\u00e7o pol\u00edtico do governador Camilo Santana.<\/span><\/p>\n","protected":false},"excerpt":{"rendered":"<p>A oposi\u00e7\u00e3o est\u00e1 perto de um acordo de consenso em torno do nome do deputado estadual Capit\u00e3o Wagner Souza para concorrer com o governador Camilo Santana nas elei\u00e7\u00f5es deste ano para o Governo do Estado. A maioria da oposi\u00e7\u00e3o j\u00e1 se decidiu por Wagner. Falta ainda o aval do senador Tasso Jereissati, do PSDB. E qual \u00e9 o impasse? Capit\u00e3o Wagner defende a candidatura de Jair Bolsonaro \u00e0 Presid\u00eancia da Rep\u00fablica. J\u00e1 Tasso e o ninho tucano ter\u00e3o candidatura&hellip;<\/p>\n","protected":false},"author":1,"featured_media":0,"comment_status":"open","ping_status":"open","sticky":false,"template":"","format":"standard","meta":{"footnotes":""},"categories":[1],"tags":[],"class_list":["post-8223","post","type-post","status-publish","format-standard","hentry","category-noticias"],"_links":{"self":[{"href":"https:\/\/blogdorogeriogomes.com.br\/noticias\/wp-json\/wp\/v2\/posts\/8223","targetHints":{"allow":["GET"]}}],"collection":[{"href":"https:\/\/blogdorogeriogomes.com.br\/noticias\/wp-json\/wp\/v2\/posts"}],"about":[{"href":"https:\/\/blogdorogeriogomes.com.br\/noticias\/wp-json\/wp\/v2\/types\/post"}],"author":[{"embeddable":true,"href":"https:\/\/blogdorogeriogomes.com.br\/noticias\/wp-json\/wp\/v2\/users\/1"}],"replies":[{"embeddable":true,"href":"https:\/\/blogdorogeriogomes.com.br\/noticias\/wp-json\/wp\/v2\/comments?post=8223"}],"version-history":[{"count":1,"href":"https:\/\/blogdorogeriogomes.com.br\/noticias\/wp-json\/wp\/v2\/posts\/8223\/revisions"}],"predecessor-version":[{"id":8225,"href":"https:\/\/blogdorogeriogomes.com.br\/noticias\/wp-json\/wp\/v2\/posts\/8223\/revisions\/8225"}],"wp:attachment":[{"href":"https:\/\/blogdorogeriogomes.com.br\/noticias\/wp-json\/wp\/v2\/media?parent=8223"}],"wp:term":[{"taxonomy":"category","embeddable":true,"href":"https:\/\/blogdorogeriogomes.com.br\/noticias\/wp-json\/wp\/v2\/categories?post=8223"},{"taxonomy":"post_tag","embeddable":true,"href":"https:\/\/blogdorogeriogomes.com.br\/noticias\/wp-json\/wp\/v2\/tags?post=8223"}],"curies":[{"name":"wp","href":"https:\/\/api.w.org\/{rel}","templated":true}]}}