{"id":8226,"date":"2018-02-19T22:49:33","date_gmt":"2018-02-19T22:49:33","guid":{"rendered":"http:\/\/blogdorogeriogomes.com.br\/?p=8226"},"modified":"2018-02-19T22:49:33","modified_gmt":"2018-02-19T22:49:33","slug":"governo-federal-joga-a-toalha-reforma-da-previdencia-esta-suspensa-ate-segunda-ordem","status":"publish","type":"post","link":"https:\/\/blogdorogeriogomes.com.br\/noticias\/2018\/02\/governo-federal-joga-a-toalha-reforma-da-previdencia-esta-suspensa-ate-segunda-ordem\/","title":{"rendered":"Governo Federal joga a toalha. Reforma da Previd\u00eancia est\u00e1 suspensa at\u00e9 segunda ordem"},"content":{"rendered":"<p><img loading=\"lazy\" decoding=\"async\" class=\"alignnone size-medium wp-image-8227\" src=\"http:\/\/blogdorogeriogomes.com.br\/wp-content\/uploads\/2018\/02\/images-21-1-300x225.jpeg\" alt=\"images (21)\" width=\"300\" height=\"225\" srcset=\"https:\/\/blogdorogeriogomes.com.br\/noticias\/wp-content\/uploads\/2018\/02\/images-21-1-300x225.jpeg 300w, https:\/\/blogdorogeriogomes.com.br\/noticias\/wp-content\/uploads\/2018\/02\/images-21-1.jpeg 443w\" sizes=\"auto, (max-width: 300px) 100vw, 300px\" \/><\/p>\n<p><span style=\"font-weight: 400;\">Est\u00e1 decidido. A reforma da Previd\u00eancia n\u00e3o entra mais em vota\u00e7\u00e3o no primeiro semestre. E com as elei\u00e7\u00f5es presidenciais previstas para o segundo semestre, mais dif\u00edcil ainda. O Governo Federal insistiu at\u00e9 a \u00faltima hora. N\u00e3o conseguiu os votos suficientes e a\u00ed veio com uma interven\u00e7\u00e3o federal no Rio de Janeiro, que impede votar qualquer outra PEC no Congresso Nacional.<\/span><\/p>\n<p><span style=\"font-weight: 400;\">O ministro da Secretaria de Governo, Carlos Marun, admitiu haver inseguran\u00e7a jur\u00eddica sobre a possibilidade de continuar discutindo a reforma durante o per\u00edodo da interven\u00e7\u00e3o e suspender o decreto para promulgar as altera\u00e7\u00f5es, como era o plano do presidente Michel Temer.<\/span><\/p>\n<p><span style=\"font-weight: 400;\">De qualquer maneira, as centrais sindicais que realizaram protestos durante toda a segunda-feira, dia 19 de fevereiro, pelo Pa\u00eds, prometem ficar em alerta. A esperan\u00e7a \u00e9 que um novo presidente da Rep\u00fablica, que venha ser eleito este ano, chegue com legitimidade para discutir o tema com toda a sociedade civil.<\/span><\/p>\n","protected":false},"excerpt":{"rendered":"<p>Est\u00e1 decidido. A reforma da Previd\u00eancia n\u00e3o entra mais em vota\u00e7\u00e3o no primeiro semestre. E com as elei\u00e7\u00f5es presidenciais previstas para o segundo semestre, mais dif\u00edcil ainda. O Governo Federal insistiu at\u00e9 a \u00faltima hora. N\u00e3o conseguiu os votos suficientes e a\u00ed veio com uma interven\u00e7\u00e3o federal no Rio de Janeiro, que impede votar qualquer outra PEC no Congresso Nacional. O ministro da Secretaria de Governo, Carlos Marun, admitiu haver inseguran\u00e7a jur\u00eddica sobre a possibilidade de continuar discutindo a&hellip;<\/p>\n","protected":false},"author":1,"featured_media":0,"comment_status":"open","ping_status":"open","sticky":false,"template":"","format":"standard","meta":{"footnotes":""},"categories":[1],"tags":[],"class_list":["post-8226","post","type-post","status-publish","format-standard","hentry","category-noticias"],"_links":{"self":[{"href":"https:\/\/blogdorogeriogomes.com.br\/noticias\/wp-json\/wp\/v2\/posts\/8226","targetHints":{"allow":["GET"]}}],"collection":[{"href":"https:\/\/blogdorogeriogomes.com.br\/noticias\/wp-json\/wp\/v2\/posts"}],"about":[{"href":"https:\/\/blogdorogeriogomes.com.br\/noticias\/wp-json\/wp\/v2\/types\/post"}],"author":[{"embeddable":true,"href":"https:\/\/blogdorogeriogomes.com.br\/noticias\/wp-json\/wp\/v2\/users\/1"}],"replies":[{"embeddable":true,"href":"https:\/\/blogdorogeriogomes.com.br\/noticias\/wp-json\/wp\/v2\/comments?post=8226"}],"version-history":[{"count":1,"href":"https:\/\/blogdorogeriogomes.com.br\/noticias\/wp-json\/wp\/v2\/posts\/8226\/revisions"}],"predecessor-version":[{"id":8228,"href":"https:\/\/blogdorogeriogomes.com.br\/noticias\/wp-json\/wp\/v2\/posts\/8226\/revisions\/8228"}],"wp:attachment":[{"href":"https:\/\/blogdorogeriogomes.com.br\/noticias\/wp-json\/wp\/v2\/media?parent=8226"}],"wp:term":[{"taxonomy":"category","embeddable":true,"href":"https:\/\/blogdorogeriogomes.com.br\/noticias\/wp-json\/wp\/v2\/categories?post=8226"},{"taxonomy":"post_tag","embeddable":true,"href":"https:\/\/blogdorogeriogomes.com.br\/noticias\/wp-json\/wp\/v2\/tags?post=8226"}],"curies":[{"name":"wp","href":"https:\/\/api.w.org\/{rel}","templated":true}]}}