{"id":8229,"date":"2018-02-20T08:58:13","date_gmt":"2018-02-20T08:58:13","guid":{"rendered":"http:\/\/blogdorogeriogomes.com.br\/?p=8229"},"modified":"2018-02-20T08:58:13","modified_gmt":"2018-02-20T08:58:13","slug":"intervencao-no-rio-e-aprovada-na-camara-mas-sofre-criticas-da-oposicao","status":"publish","type":"post","link":"https:\/\/blogdorogeriogomes.com.br\/noticias\/2018\/02\/intervencao-no-rio-e-aprovada-na-camara-mas-sofre-criticas-da-oposicao\/","title":{"rendered":"Interven\u00e7\u00e3o no Rio \u00e9 aprovada na C\u00e2mara, mas sofre cr\u00edticas da oposi\u00e7\u00e3o"},"content":{"rendered":"<p><img loading=\"lazy\" decoding=\"async\" class=\"alignnone size-medium wp-image-8230\" src=\"http:\/\/blogdorogeriogomes.com.br\/wp-content\/uploads\/2018\/02\/image-300x200.jpg\" alt=\"image\" width=\"300\" height=\"200\" srcset=\"https:\/\/blogdorogeriogomes.com.br\/noticias\/wp-content\/uploads\/2018\/02\/image-300x200.jpg 300w, https:\/\/blogdorogeriogomes.com.br\/noticias\/wp-content\/uploads\/2018\/02\/image.jpg 310w\" sizes=\"auto, (max-width: 300px) 100vw, 300px\" \/><\/p>\n<p><span style=\"font-weight: 400;\">A interven\u00e7\u00e3o federal no Rio de Janeiro, decretada pelo presidente Michel Temer, foi aprovada pela C\u00e2mara dos Deputados, na madrugada desta ter\u00e7a-feira, dia 20 de fevereiro, e agora segue para an\u00e1lise do Senado Federal.<\/span><\/p>\n<p><span style=\"font-weight: 400;\">Mas as cr\u00edticas dos opositores de Temer n\u00e3o s\u00e3o poucas. O pr\u00e9-candidato \u00e0 presid\u00eancia pelo PDT, Ciro Gomes avalia que a interven\u00e7\u00e3o n\u00e3o vai funcionar. Para ele, a motiva\u00e7\u00e3o \u00e9 &#8220;mesquinha e politiqueira porque n\u00e3o obedece a nenhum crit\u00e9rio, nem estudo e nem planejamento\u201d.<\/span><\/p>\n<p><span style=\"font-weight: 400;\">O deputado federal Jos\u00e9 Nobre Guimar\u00e3es, do PT, acredita que o presidente Michel Temer est\u00e1 &#8220;fazendo uso pol\u00edtico das For\u00e7as Armadas&#8221; e que este n\u00e3o \u00e9 o melhor caminho para combater a viol\u00eancia no Rio de Janeiro.<\/span><\/p>\n","protected":false},"excerpt":{"rendered":"<p>A interven\u00e7\u00e3o federal no Rio de Janeiro, decretada pelo presidente Michel Temer, foi aprovada pela C\u00e2mara dos Deputados, na madrugada desta ter\u00e7a-feira, dia 20 de fevereiro, e agora segue para an\u00e1lise do Senado Federal. Mas as cr\u00edticas dos opositores de Temer n\u00e3o s\u00e3o poucas. O pr\u00e9-candidato \u00e0 presid\u00eancia pelo PDT, Ciro Gomes avalia que a interven\u00e7\u00e3o n\u00e3o vai funcionar. Para ele, a motiva\u00e7\u00e3o \u00e9 &#8220;mesquinha e politiqueira porque n\u00e3o obedece a nenhum crit\u00e9rio, nem estudo e nem planejamento\u201d. O&hellip;<\/p>\n","protected":false},"author":1,"featured_media":0,"comment_status":"open","ping_status":"open","sticky":false,"template":"","format":"standard","meta":{"footnotes":""},"categories":[1],"tags":[],"class_list":["post-8229","post","type-post","status-publish","format-standard","hentry","category-noticias"],"_links":{"self":[{"href":"https:\/\/blogdorogeriogomes.com.br\/noticias\/wp-json\/wp\/v2\/posts\/8229","targetHints":{"allow":["GET"]}}],"collection":[{"href":"https:\/\/blogdorogeriogomes.com.br\/noticias\/wp-json\/wp\/v2\/posts"}],"about":[{"href":"https:\/\/blogdorogeriogomes.com.br\/noticias\/wp-json\/wp\/v2\/types\/post"}],"author":[{"embeddable":true,"href":"https:\/\/blogdorogeriogomes.com.br\/noticias\/wp-json\/wp\/v2\/users\/1"}],"replies":[{"embeddable":true,"href":"https:\/\/blogdorogeriogomes.com.br\/noticias\/wp-json\/wp\/v2\/comments?post=8229"}],"version-history":[{"count":1,"href":"https:\/\/blogdorogeriogomes.com.br\/noticias\/wp-json\/wp\/v2\/posts\/8229\/revisions"}],"predecessor-version":[{"id":8231,"href":"https:\/\/blogdorogeriogomes.com.br\/noticias\/wp-json\/wp\/v2\/posts\/8229\/revisions\/8231"}],"wp:attachment":[{"href":"https:\/\/blogdorogeriogomes.com.br\/noticias\/wp-json\/wp\/v2\/media?parent=8229"}],"wp:term":[{"taxonomy":"category","embeddable":true,"href":"https:\/\/blogdorogeriogomes.com.br\/noticias\/wp-json\/wp\/v2\/categories?post=8229"},{"taxonomy":"post_tag","embeddable":true,"href":"https:\/\/blogdorogeriogomes.com.br\/noticias\/wp-json\/wp\/v2\/tags?post=8229"}],"curies":[{"name":"wp","href":"https:\/\/api.w.org\/{rel}","templated":true}]}}