{"id":8232,"date":"2018-02-20T09:11:54","date_gmt":"2018-02-20T09:11:54","guid":{"rendered":"http:\/\/blogdorogeriogomes.com.br\/?p=8232"},"modified":"2018-02-20T09:11:54","modified_gmt":"2018-02-20T09:11:54","slug":"camilo-santana-e-roberto-claudio-anunciam-acoes-conjuntas-na-area-da-saude","status":"publish","type":"post","link":"https:\/\/blogdorogeriogomes.com.br\/noticias\/2018\/02\/camilo-santana-e-roberto-claudio-anunciam-acoes-conjuntas-na-area-da-saude\/","title":{"rendered":"Camilo Santana e Roberto Cl\u00e1udio anunciam a\u00e7\u00f5es conjuntas na \u00e1rea da sa\u00fade"},"content":{"rendered":"<p><img loading=\"lazy\" decoding=\"async\" class=\"alignnone size-medium wp-image-8233\" src=\"http:\/\/blogdorogeriogomes.com.br\/wp-content\/uploads\/2018\/02\/images-22-1-300x200.jpeg\" alt=\"images (22)\" width=\"300\" height=\"200\" srcset=\"https:\/\/blogdorogeriogomes.com.br\/noticias\/wp-content\/uploads\/2018\/02\/images-22-1-300x200.jpeg 300w, https:\/\/blogdorogeriogomes.com.br\/noticias\/wp-content\/uploads\/2018\/02\/images-22-1.jpeg 470w\" sizes=\"auto, (max-width: 300px) 100vw, 300px\" \/><\/p>\n<p><span style=\"font-weight: 400;\">Considerada uma das \u00e1reas priorit\u00e1rias para a popula\u00e7\u00e3o, a sa\u00fade deve receber novos investimentos neste semestre em Fortaleza e no interior. O governador do Cear\u00e1, Camilo Santana, e o prefeito de Fortaleza, Roberto Cl\u00e1udio lan\u00e7am nesta ter\u00e7a-feira, dia 20 de fevereiro, um Plano de Investimentos na \u00e1rea da Sa\u00fade, denominado Juntos Por Fortaleza. O planejamento integrado entre Governo e Prefeitura prev\u00ea reforma e constru\u00e7\u00e3o de unidades hospitalares, aquisi\u00e7\u00e3o de equipamentos e proje\u00e7\u00e3o de novas a\u00e7\u00f5es para o setor. <\/span><\/p>\n<p><span style=\"font-weight: 400;\">Camilo j\u00e1 fez um encontro com diretores dos hospitais estaduais, onde tratou de assuntos como o programa para reduzir as filas de cirurgias na rede de sa\u00fade e novos investimentos para a melhoria da infraestrutura dos hospitais, entre outros. A pr\u00f3xima reuni\u00e3o do governador com os diretores dos hospitais dever\u00e1 ser realizada j\u00e1 no in\u00edcio do m\u00eas de mar\u00e7o.<\/span><\/p>\n","protected":false},"excerpt":{"rendered":"<p>Considerada uma das \u00e1reas priorit\u00e1rias para a popula\u00e7\u00e3o, a sa\u00fade deve receber novos investimentos neste semestre em Fortaleza e no interior. O governador do Cear\u00e1, Camilo Santana, e o prefeito de Fortaleza, Roberto Cl\u00e1udio lan\u00e7am nesta ter\u00e7a-feira, dia 20 de fevereiro, um Plano de Investimentos na \u00e1rea da Sa\u00fade, denominado Juntos Por Fortaleza. O planejamento integrado entre Governo e Prefeitura prev\u00ea reforma e constru\u00e7\u00e3o de unidades hospitalares, aquisi\u00e7\u00e3o de equipamentos e proje\u00e7\u00e3o de novas a\u00e7\u00f5es para o setor. Camilo&hellip;<\/p>\n","protected":false},"author":1,"featured_media":0,"comment_status":"open","ping_status":"open","sticky":false,"template":"","format":"standard","meta":{"footnotes":""},"categories":[1],"tags":[],"class_list":["post-8232","post","type-post","status-publish","format-standard","hentry","category-noticias"],"_links":{"self":[{"href":"https:\/\/blogdorogeriogomes.com.br\/noticias\/wp-json\/wp\/v2\/posts\/8232","targetHints":{"allow":["GET"]}}],"collection":[{"href":"https:\/\/blogdorogeriogomes.com.br\/noticias\/wp-json\/wp\/v2\/posts"}],"about":[{"href":"https:\/\/blogdorogeriogomes.com.br\/noticias\/wp-json\/wp\/v2\/types\/post"}],"author":[{"embeddable":true,"href":"https:\/\/blogdorogeriogomes.com.br\/noticias\/wp-json\/wp\/v2\/users\/1"}],"replies":[{"embeddable":true,"href":"https:\/\/blogdorogeriogomes.com.br\/noticias\/wp-json\/wp\/v2\/comments?post=8232"}],"version-history":[{"count":1,"href":"https:\/\/blogdorogeriogomes.com.br\/noticias\/wp-json\/wp\/v2\/posts\/8232\/revisions"}],"predecessor-version":[{"id":8234,"href":"https:\/\/blogdorogeriogomes.com.br\/noticias\/wp-json\/wp\/v2\/posts\/8232\/revisions\/8234"}],"wp:attachment":[{"href":"https:\/\/blogdorogeriogomes.com.br\/noticias\/wp-json\/wp\/v2\/media?parent=8232"}],"wp:term":[{"taxonomy":"category","embeddable":true,"href":"https:\/\/blogdorogeriogomes.com.br\/noticias\/wp-json\/wp\/v2\/categories?post=8232"},{"taxonomy":"post_tag","embeddable":true,"href":"https:\/\/blogdorogeriogomes.com.br\/noticias\/wp-json\/wp\/v2\/tags?post=8232"}],"curies":[{"name":"wp","href":"https:\/\/api.w.org\/{rel}","templated":true}]}}