{"id":8238,"date":"2018-02-20T23:30:15","date_gmt":"2018-02-20T23:30:15","guid":{"rendered":"http:\/\/blogdorogeriogomes.com.br\/?p=8238"},"modified":"2018-02-20T23:30:15","modified_gmt":"2018-02-20T23:30:15","slug":"stj-manda-liberar-irmaos-joesley-e-wesley-batista","status":"publish","type":"post","link":"https:\/\/blogdorogeriogomes.com.br\/noticias\/2018\/02\/stj-manda-liberar-irmaos-joesley-e-wesley-batista\/","title":{"rendered":"STJ manda liberar irm\u00e3os Joesley e Wesley Batista"},"content":{"rendered":"<p><img loading=\"lazy\" decoding=\"async\" class=\"alignnone size-medium wp-image-8239\" src=\"http:\/\/blogdorogeriogomes.com.br\/wp-content\/uploads\/2018\/02\/image-300x198.png\" alt=\"image\" width=\"300\" height=\"198\" srcset=\"https:\/\/blogdorogeriogomes.com.br\/noticias\/wp-content\/uploads\/2018\/02\/image-300x198.png 300w, https:\/\/blogdorogeriogomes.com.br\/noticias\/wp-content\/uploads\/2018\/02\/image.png 310w\" sizes=\"auto, (max-width: 300px) 100vw, 300px\" \/><\/p>\n<p><span style=\"font-weight: 400;\">Presos desde setembro de 2017, os irm\u00e3os Joesley e Wesley Batista, donos do grupo J&amp;F, ganharam a liberdade da Sexta Turma do Superior Tribunal de Justi\u00e7a (STJ). Os irm\u00e3os est\u00e3o presos por determina\u00e7\u00e3o da Justi\u00e7a Federal em S\u00e3o Paulo. Apesar da decis\u00e3o, somente Wesley deve ser solto. Joesley deve continuar preso em fun\u00e7\u00e3o de outro mandado de pris\u00e3o, expedido no ano passado pelo ministro Edson Fachin, do Supremo Tribunal Federal (STF).<\/span><\/p>\n<p><span style=\"font-weight: 400;\">A pris\u00e3o por tempo indeterminado dos acusados foi requerida pelo ex-procurador-geral da Rep\u00fablica Rodrigo Janot, ap\u00f3s a anula\u00e7\u00e3o da imunidade penal que foi concedida por ele a Joesley e Ricardo Saud, ex-diretor do J&amp;F. O procurador concluiu que eles omitiram informa\u00e7\u00f5es \u00e0 Procuradoria-Geral da Rep\u00fablica durante o processo de assinatura do acordo de dela\u00e7\u00e3o premiada.<\/span><\/p>\n","protected":false},"excerpt":{"rendered":"<p>Presos desde setembro de 2017, os irm\u00e3os Joesley e Wesley Batista, donos do grupo J&amp;F, ganharam a liberdade da Sexta Turma do Superior Tribunal de Justi\u00e7a (STJ). Os irm\u00e3os est\u00e3o presos por determina\u00e7\u00e3o da Justi\u00e7a Federal em S\u00e3o Paulo. Apesar da decis\u00e3o, somente Wesley deve ser solto. Joesley deve continuar preso em fun\u00e7\u00e3o de outro mandado de pris\u00e3o, expedido no ano passado pelo ministro Edson Fachin, do Supremo Tribunal Federal (STF). A pris\u00e3o por tempo indeterminado dos acusados foi&hellip;<\/p>\n","protected":false},"author":1,"featured_media":0,"comment_status":"open","ping_status":"open","sticky":false,"template":"","format":"standard","meta":{"footnotes":""},"categories":[1],"tags":[],"class_list":["post-8238","post","type-post","status-publish","format-standard","hentry","category-noticias"],"_links":{"self":[{"href":"https:\/\/blogdorogeriogomes.com.br\/noticias\/wp-json\/wp\/v2\/posts\/8238","targetHints":{"allow":["GET"]}}],"collection":[{"href":"https:\/\/blogdorogeriogomes.com.br\/noticias\/wp-json\/wp\/v2\/posts"}],"about":[{"href":"https:\/\/blogdorogeriogomes.com.br\/noticias\/wp-json\/wp\/v2\/types\/post"}],"author":[{"embeddable":true,"href":"https:\/\/blogdorogeriogomes.com.br\/noticias\/wp-json\/wp\/v2\/users\/1"}],"replies":[{"embeddable":true,"href":"https:\/\/blogdorogeriogomes.com.br\/noticias\/wp-json\/wp\/v2\/comments?post=8238"}],"version-history":[{"count":1,"href":"https:\/\/blogdorogeriogomes.com.br\/noticias\/wp-json\/wp\/v2\/posts\/8238\/revisions"}],"predecessor-version":[{"id":8240,"href":"https:\/\/blogdorogeriogomes.com.br\/noticias\/wp-json\/wp\/v2\/posts\/8238\/revisions\/8240"}],"wp:attachment":[{"href":"https:\/\/blogdorogeriogomes.com.br\/noticias\/wp-json\/wp\/v2\/media?parent=8238"}],"wp:term":[{"taxonomy":"category","embeddable":true,"href":"https:\/\/blogdorogeriogomes.com.br\/noticias\/wp-json\/wp\/v2\/categories?post=8238"},{"taxonomy":"post_tag","embeddable":true,"href":"https:\/\/blogdorogeriogomes.com.br\/noticias\/wp-json\/wp\/v2\/tags?post=8238"}],"curies":[{"name":"wp","href":"https:\/\/api.w.org\/{rel}","templated":true}]}}