{"id":8253,"date":"2018-02-21T20:36:14","date_gmt":"2018-02-21T20:36:14","guid":{"rendered":"http:\/\/blogdorogeriogomes.com.br\/?p=8253"},"modified":"2018-02-21T20:36:14","modified_gmt":"2018-02-21T20:36:14","slug":"fortaleza-vai-ganhar-novo-modelo-de-estacionamento-rotativo","status":"publish","type":"post","link":"https:\/\/blogdorogeriogomes.com.br\/noticias\/2018\/02\/fortaleza-vai-ganhar-novo-modelo-de-estacionamento-rotativo\/","title":{"rendered":"Fortaleza vai ganhar novo modelo de estacionamento rotativo"},"content":{"rendered":"<p><img loading=\"lazy\" decoding=\"async\" class=\"alignnone size-medium wp-image-8254\" src=\"http:\/\/blogdorogeriogomes.com.br\/wp-content\/uploads\/2018\/02\/images-24-1-300x182.jpeg\" alt=\"images (24)\" width=\"300\" height=\"182\" srcset=\"https:\/\/blogdorogeriogomes.com.br\/noticias\/wp-content\/uploads\/2018\/02\/images-24-1-300x182.jpeg 300w, https:\/\/blogdorogeriogomes.com.br\/noticias\/wp-content\/uploads\/2018\/02\/images-24-1.jpeg 492w\" sizes=\"auto, (max-width: 300px) 100vw, 300px\" \/><\/p>\n<p><span style=\"font-weight: 400;\">Como objetivo de facilitar a vida do usu\u00e1rio de ve\u00edculos que precisa estacionar em Fortaleza, a Prefeitura vai adotar um novo modelo com vagas rotativas. O objetivo \u00e9 otimizar o acesso \u00e0s vagas de Zona Azul e garantir mais rotatividade.<\/span><\/p>\n<p><span style=\"font-weight: 400;\">Os detalhes do novo modelo ser\u00e3o anunciados pelo prefeito Roberto Cl\u00e1udio nesta quinta-feira, dia 22 de fevereiro, no Pa\u00e7o Municipal. Entre as mudan\u00e7as, est\u00e3o previstas a oferta de vagas rotativas para novas \u00e1reas da Capital e readequa\u00e7\u00e3o das normas de funcionamento, al\u00e9m do desenvolvimento de um aplicativo que vai permitir mais seguran\u00e7a e comodidade aos usu\u00e1rios da Zona Azul.<\/span><\/p>\n","protected":false},"excerpt":{"rendered":"<p>Como objetivo de facilitar a vida do usu\u00e1rio de ve\u00edculos que precisa estacionar em Fortaleza, a Prefeitura vai adotar um novo modelo com vagas rotativas. O objetivo \u00e9 otimizar o acesso \u00e0s vagas de Zona Azul e garantir mais rotatividade. Os detalhes do novo modelo ser\u00e3o anunciados pelo prefeito Roberto Cl\u00e1udio nesta quinta-feira, dia 22 de fevereiro, no Pa\u00e7o Municipal. Entre as mudan\u00e7as, est\u00e3o previstas a oferta de vagas rotativas para novas \u00e1reas da Capital e readequa\u00e7\u00e3o das normas&hellip;<\/p>\n","protected":false},"author":1,"featured_media":0,"comment_status":"open","ping_status":"open","sticky":false,"template":"","format":"standard","meta":{"footnotes":""},"categories":[1],"tags":[],"class_list":["post-8253","post","type-post","status-publish","format-standard","hentry","category-noticias"],"_links":{"self":[{"href":"https:\/\/blogdorogeriogomes.com.br\/noticias\/wp-json\/wp\/v2\/posts\/8253","targetHints":{"allow":["GET"]}}],"collection":[{"href":"https:\/\/blogdorogeriogomes.com.br\/noticias\/wp-json\/wp\/v2\/posts"}],"about":[{"href":"https:\/\/blogdorogeriogomes.com.br\/noticias\/wp-json\/wp\/v2\/types\/post"}],"author":[{"embeddable":true,"href":"https:\/\/blogdorogeriogomes.com.br\/noticias\/wp-json\/wp\/v2\/users\/1"}],"replies":[{"embeddable":true,"href":"https:\/\/blogdorogeriogomes.com.br\/noticias\/wp-json\/wp\/v2\/comments?post=8253"}],"version-history":[{"count":1,"href":"https:\/\/blogdorogeriogomes.com.br\/noticias\/wp-json\/wp\/v2\/posts\/8253\/revisions"}],"predecessor-version":[{"id":8255,"href":"https:\/\/blogdorogeriogomes.com.br\/noticias\/wp-json\/wp\/v2\/posts\/8253\/revisions\/8255"}],"wp:attachment":[{"href":"https:\/\/blogdorogeriogomes.com.br\/noticias\/wp-json\/wp\/v2\/media?parent=8253"}],"wp:term":[{"taxonomy":"category","embeddable":true,"href":"https:\/\/blogdorogeriogomes.com.br\/noticias\/wp-json\/wp\/v2\/categories?post=8253"},{"taxonomy":"post_tag","embeddable":true,"href":"https:\/\/blogdorogeriogomes.com.br\/noticias\/wp-json\/wp\/v2\/tags?post=8253"}],"curies":[{"name":"wp","href":"https:\/\/api.w.org\/{rel}","templated":true}]}}