{"id":8260,"date":"2018-02-22T09:13:55","date_gmt":"2018-02-22T09:13:55","guid":{"rendered":"http:\/\/blogdorogeriogomes.com.br\/?p=8260"},"modified":"2018-02-22T09:13:55","modified_gmt":"2018-02-22T09:13:55","slug":"com-emprestimo-aprovado-requalificacao-da-beira-mar-comeca-em-junho","status":"publish","type":"post","link":"https:\/\/blogdorogeriogomes.com.br\/noticias\/2018\/02\/com-emprestimo-aprovado-requalificacao-da-beira-mar-comeca-em-junho\/","title":{"rendered":"Com empr\u00e9stimo aprovado, requalifica\u00e7\u00e3o da Beira-Mar come\u00e7a em junho"},"content":{"rendered":"<p><img loading=\"lazy\" decoding=\"async\" class=\"alignnone size-medium wp-image-8261\" src=\"http:\/\/blogdorogeriogomes.com.br\/wp-content\/uploads\/2018\/02\/images-26-1-300x160.jpeg\" alt=\"images (26)\" width=\"300\" height=\"160\" srcset=\"https:\/\/blogdorogeriogomes.com.br\/noticias\/wp-content\/uploads\/2018\/02\/images-26-1-300x160.jpeg 300w, https:\/\/blogdorogeriogomes.com.br\/noticias\/wp-content\/uploads\/2018\/02\/images-26-1.jpeg 526w\" sizes=\"auto, (max-width: 300px) 100vw, 300px\" \/><\/p>\n<p><span style=\"font-weight: 400;\">A Prefeitura de Fortaleza esperava apenas a aprova\u00e7\u00e3o do empr\u00e9stimo internacional no Senado Federal de at\u00e9 US$ 83 milh\u00f5es para dar in\u00edcio \u00e0s obras de requalifica\u00e7\u00e3o da avenida Beira-Mar e de amplia\u00e7\u00e3o da faixa de areia no Aterro na Praia de Iracema. Os servi\u00e7os devem ter in\u00edcio em junho com previs\u00e3o para estarem prontos em janeiro de 2019. Os recursos ser\u00e3o obtidos atrav\u00e9s da Corpora\u00e7\u00e3o Andina de Fomento (CAF). O contrato com o banco deve ser assinado em abril.<\/span><\/p>\n<p><span style=\"font-weight: 400;\">O financiamento tamb\u00e9m ser\u00e1 destinado para as obras do Polo da Varjota e na implementa\u00e7\u00e3o de pol\u00edticas p\u00fablicas na \u00e1rea de seguran\u00e7a comunit\u00e1ria, com a constru\u00e7\u00e3o de novas torres com servi\u00e7os da guarda municipal.<\/span><\/p>\n","protected":false},"excerpt":{"rendered":"<p>A Prefeitura de Fortaleza esperava apenas a aprova\u00e7\u00e3o do empr\u00e9stimo internacional no Senado Federal de at\u00e9 US$ 83 milh\u00f5es para dar in\u00edcio \u00e0s obras de requalifica\u00e7\u00e3o da avenida Beira-Mar e de amplia\u00e7\u00e3o da faixa de areia no Aterro na Praia de Iracema. Os servi\u00e7os devem ter in\u00edcio em junho com previs\u00e3o para estarem prontos em janeiro de 2019. Os recursos ser\u00e3o obtidos atrav\u00e9s da Corpora\u00e7\u00e3o Andina de Fomento (CAF). O contrato com o banco deve ser assinado em abril.&hellip;<\/p>\n","protected":false},"author":1,"featured_media":0,"comment_status":"open","ping_status":"open","sticky":false,"template":"","format":"standard","meta":{"footnotes":""},"categories":[1],"tags":[],"class_list":["post-8260","post","type-post","status-publish","format-standard","hentry","category-noticias"],"_links":{"self":[{"href":"https:\/\/blogdorogeriogomes.com.br\/noticias\/wp-json\/wp\/v2\/posts\/8260","targetHints":{"allow":["GET"]}}],"collection":[{"href":"https:\/\/blogdorogeriogomes.com.br\/noticias\/wp-json\/wp\/v2\/posts"}],"about":[{"href":"https:\/\/blogdorogeriogomes.com.br\/noticias\/wp-json\/wp\/v2\/types\/post"}],"author":[{"embeddable":true,"href":"https:\/\/blogdorogeriogomes.com.br\/noticias\/wp-json\/wp\/v2\/users\/1"}],"replies":[{"embeddable":true,"href":"https:\/\/blogdorogeriogomes.com.br\/noticias\/wp-json\/wp\/v2\/comments?post=8260"}],"version-history":[{"count":1,"href":"https:\/\/blogdorogeriogomes.com.br\/noticias\/wp-json\/wp\/v2\/posts\/8260\/revisions"}],"predecessor-version":[{"id":8262,"href":"https:\/\/blogdorogeriogomes.com.br\/noticias\/wp-json\/wp\/v2\/posts\/8260\/revisions\/8262"}],"wp:attachment":[{"href":"https:\/\/blogdorogeriogomes.com.br\/noticias\/wp-json\/wp\/v2\/media?parent=8260"}],"wp:term":[{"taxonomy":"category","embeddable":true,"href":"https:\/\/blogdorogeriogomes.com.br\/noticias\/wp-json\/wp\/v2\/categories?post=8260"},{"taxonomy":"post_tag","embeddable":true,"href":"https:\/\/blogdorogeriogomes.com.br\/noticias\/wp-json\/wp\/v2\/tags?post=8260"}],"curies":[{"name":"wp","href":"https:\/\/api.w.org\/{rel}","templated":true}]}}