{"id":8263,"date":"2018-02-22T21:44:55","date_gmt":"2018-02-22T21:44:55","guid":{"rendered":"http:\/\/blogdorogeriogomes.com.br\/?p=8263"},"modified":"2018-02-22T21:44:55","modified_gmt":"2018-02-22T21:44:55","slug":"governo-do-estado-comemora-avanco-na-alfabetizacao-do-ceara","status":"publish","type":"post","link":"https:\/\/blogdorogeriogomes.com.br\/noticias\/2018\/02\/governo-do-estado-comemora-avanco-na-alfabetizacao-do-ceara\/","title":{"rendered":"Governo do Estado comemora avan\u00e7o na alfabetiza\u00e7\u00e3o do Cear\u00e1"},"content":{"rendered":"<p><img loading=\"lazy\" decoding=\"async\" class=\"alignnone size-medium wp-image-7974\" src=\"http:\/\/blogdorogeriogomes.com.br\/wp-content\/uploads\/2018\/01\/images-4-300x225.jpeg\" alt=\"images (4)\" width=\"300\" height=\"225\" srcset=\"https:\/\/blogdorogeriogomes.com.br\/noticias\/wp-content\/uploads\/2018\/01\/images-4-300x225.jpeg 300w, https:\/\/blogdorogeriogomes.com.br\/noticias\/wp-content\/uploads\/2018\/01\/images-4.jpeg 443w\" sizes=\"auto, (max-width: 300px) 100vw, 300px\" \/><\/p>\n<p>O Governo do Cear\u00e1 apresentou, nesta quinta-feira, dia 22 de fevereiro, os resultados do Sistema Permanente de Avalia\u00e7\u00e3o da Educa\u00e7\u00e3o B\u00e1sica (Spaece), relativos ao ano de 2017. Foram avaliadas crian\u00e7as do 2\u00ba, 5\u00ba e 9\u00ba anos do ensino fundamental das escolas p\u00fablicas.<br \/>\nA avalia\u00e7\u00e3o do sistema permanente de avalia\u00e7\u00e3o da educa\u00e7\u00e3o b\u00e1sica, o Spaece, foi feita entre os dias 28 a 30 de novembro do ano passado. As informa\u00e7\u00f5es servem de base para o trabalho desenvolvido pela Secretaria da Educa\u00e7\u00e3o do Estado na defini\u00e7\u00e3o das pol\u00edticas educacionais destinadas \u00e0 colabora\u00e7\u00e3o com os munic\u00edpios para a melhoria da qualidade do ensino.<br \/>\nE os resultados de 2017 mostraram crescimento em todos os n\u00edveis de alfabetiza\u00e7\u00e3o. &#8220;88,2% dos alunos cearenses da rede p\u00fablica finalizaram o segundo ano do Ensino Fundamental alfabetizados&#8221;, completou Idilvan Alencar, secret\u00e1rio de Educa\u00e7\u00e3o do Estado.<br \/>\nNo processo de avalia\u00e7\u00e3o do Spaece se verifica uma redu\u00e7\u00e3o gradativa no percentual de alunos n\u00e3o alfabetizados no Cear\u00e1. Em 2007 chegou a ser de 47,4%. No ano passado, este n\u00famero caiu para apenas 4,7%.<br \/>\nDiante dos resultados do sistema de avalia\u00e7\u00e3o em 2017, a meta da Secretaria de Educa\u00e7\u00e3o do Estado para este ano \u00e9 alcan\u00e7ar 100% dos munic\u00edpios no padr\u00e3o desej\u00e1vel de alfabetiza\u00e7\u00e3o.<br \/>\n&#8220;Tamb\u00e9m queremos n\u00e3o ter nenhuma cidade abaixo do padr\u00e3o intermedi\u00e1rio em matem\u00e1tica no quinto ano e reduzir em 50% o n\u00famero de munic\u00edpios no n\u00edvel cr\u00edtico em matem\u00e1tica no nono ano em 2018&#8221;, disse Camilo Santana, governador do Cear\u00e1.<\/p>\n","protected":false},"excerpt":{"rendered":"<p>O Governo do Cear\u00e1 apresentou, nesta quinta-feira, dia 22 de fevereiro, os resultados do Sistema Permanente de Avalia\u00e7\u00e3o da Educa\u00e7\u00e3o B\u00e1sica (Spaece), relativos ao ano de 2017. Foram avaliadas crian\u00e7as do 2\u00ba, 5\u00ba e 9\u00ba anos do ensino fundamental das escolas p\u00fablicas. A avalia\u00e7\u00e3o do sistema permanente de avalia\u00e7\u00e3o da educa\u00e7\u00e3o b\u00e1sica, o Spaece, foi feita entre os dias 28 a 30 de novembro do ano passado. As informa\u00e7\u00f5es servem de base para o trabalho desenvolvido pela Secretaria da&hellip;<\/p>\n","protected":false},"author":1,"featured_media":0,"comment_status":"open","ping_status":"open","sticky":false,"template":"","format":"standard","meta":{"footnotes":""},"categories":[1],"tags":[],"class_list":["post-8263","post","type-post","status-publish","format-standard","hentry","category-noticias"],"_links":{"self":[{"href":"https:\/\/blogdorogeriogomes.com.br\/noticias\/wp-json\/wp\/v2\/posts\/8263","targetHints":{"allow":["GET"]}}],"collection":[{"href":"https:\/\/blogdorogeriogomes.com.br\/noticias\/wp-json\/wp\/v2\/posts"}],"about":[{"href":"https:\/\/blogdorogeriogomes.com.br\/noticias\/wp-json\/wp\/v2\/types\/post"}],"author":[{"embeddable":true,"href":"https:\/\/blogdorogeriogomes.com.br\/noticias\/wp-json\/wp\/v2\/users\/1"}],"replies":[{"embeddable":true,"href":"https:\/\/blogdorogeriogomes.com.br\/noticias\/wp-json\/wp\/v2\/comments?post=8263"}],"version-history":[{"count":1,"href":"https:\/\/blogdorogeriogomes.com.br\/noticias\/wp-json\/wp\/v2\/posts\/8263\/revisions"}],"predecessor-version":[{"id":8264,"href":"https:\/\/blogdorogeriogomes.com.br\/noticias\/wp-json\/wp\/v2\/posts\/8263\/revisions\/8264"}],"wp:attachment":[{"href":"https:\/\/blogdorogeriogomes.com.br\/noticias\/wp-json\/wp\/v2\/media?parent=8263"}],"wp:term":[{"taxonomy":"category","embeddable":true,"href":"https:\/\/blogdorogeriogomes.com.br\/noticias\/wp-json\/wp\/v2\/categories?post=8263"},{"taxonomy":"post_tag","embeddable":true,"href":"https:\/\/blogdorogeriogomes.com.br\/noticias\/wp-json\/wp\/v2\/tags?post=8263"}],"curies":[{"name":"wp","href":"https:\/\/api.w.org\/{rel}","templated":true}]}}