{"id":8268,"date":"2018-02-23T08:56:27","date_gmt":"2018-02-23T08:56:27","guid":{"rendered":"http:\/\/blogdorogeriogomes.com.br\/?p=8268"},"modified":"2018-02-23T08:56:27","modified_gmt":"2018-02-23T08:56:27","slug":"gorete-pereira-assume-pr-e-partido-deixara-oposicao-ao-governo-camilo","status":"publish","type":"post","link":"https:\/\/blogdorogeriogomes.com.br\/noticias\/2018\/02\/gorete-pereira-assume-pr-e-partido-deixara-oposicao-ao-governo-camilo\/","title":{"rendered":"Gorete Pereira assume PR e partido deixar\u00e1 oposi\u00e7\u00e3o ao Governo Camilo"},"content":{"rendered":"<p><img loading=\"lazy\" decoding=\"async\" class=\"alignnone size-medium wp-image-8269\" src=\"http:\/\/blogdorogeriogomes.com.br\/wp-content\/uploads\/2018\/02\/images-28-1-300x200.jpeg\" alt=\"images (28)\" width=\"300\" height=\"200\" srcset=\"https:\/\/blogdorogeriogomes.com.br\/noticias\/wp-content\/uploads\/2018\/02\/images-28-1-300x200.jpeg 300w, https:\/\/blogdorogeriogomes.com.br\/noticias\/wp-content\/uploads\/2018\/02\/images-28-1.jpeg 470w\" sizes=\"auto, (max-width: 300px) 100vw, 300px\" \/><\/p>\n<p><span style=\"font-weight: 400;\">Mais um partido no Cear\u00e1 vai deixar o lado de oposi\u00e7\u00e3o ao Governo Camilo Santana. Trata-se do Partido da Rep\u00fablica (PR), que agora ser\u00e1 comandado pela deputada federal Gorete Pereira, que j\u00e1 atuava como aliada de Camilo. Ela ganhou a disputa pela presid\u00eancia estadual do PR com Roberto Pessoa, vice-prefeito do Munic\u00edpio de Maracana\u00fa.<\/span><\/p>\n<p><span style=\"font-weight: 400;\">Agora, Roberto Pessoa e seu grupo deve procurar outra agremia\u00e7\u00e3o. O deputado estadual Capit\u00e3o Wagner Souza, hoje ainda no PR, deve seguir as pretens\u00f5es de se filiar ao PROS. A nova presidente Gorete Pereira n\u00e3o perdeu a oportunidade de alfinetar o parlamentar. <\/span><span style=\"font-weight: 400;\"><br \/>\n<\/span><span style=\"font-weight: 400;\">&#8220;Eu n\u00e3o estou traindo ningu\u00e9m, estou no meu partido e quem est\u00e1 saindo s\u00e3o eles. Quem traiu o partido foi o Capit\u00e3o Wagner, que fez aquela reuni\u00e3o grande na Assembleia querendo ir para o PROS e agora quer voltar&#8221;, disse Gorete Pereira em entrevista ao Di\u00e1rio do Nordeste.<\/span><\/p>\n","protected":false},"excerpt":{"rendered":"<p>Mais um partido no Cear\u00e1 vai deixar o lado de oposi\u00e7\u00e3o ao Governo Camilo Santana. Trata-se do Partido da Rep\u00fablica (PR), que agora ser\u00e1 comandado pela deputada federal Gorete Pereira, que j\u00e1 atuava como aliada de Camilo. Ela ganhou a disputa pela presid\u00eancia estadual do PR com Roberto Pessoa, vice-prefeito do Munic\u00edpio de Maracana\u00fa. Agora, Roberto Pessoa e seu grupo deve procurar outra agremia\u00e7\u00e3o. O deputado estadual Capit\u00e3o Wagner Souza, hoje ainda no PR, deve seguir as pretens\u00f5es de&hellip;<\/p>\n","protected":false},"author":1,"featured_media":0,"comment_status":"open","ping_status":"open","sticky":false,"template":"","format":"standard","meta":{"footnotes":""},"categories":[1],"tags":[],"class_list":["post-8268","post","type-post","status-publish","format-standard","hentry","category-noticias"],"_links":{"self":[{"href":"https:\/\/blogdorogeriogomes.com.br\/noticias\/wp-json\/wp\/v2\/posts\/8268","targetHints":{"allow":["GET"]}}],"collection":[{"href":"https:\/\/blogdorogeriogomes.com.br\/noticias\/wp-json\/wp\/v2\/posts"}],"about":[{"href":"https:\/\/blogdorogeriogomes.com.br\/noticias\/wp-json\/wp\/v2\/types\/post"}],"author":[{"embeddable":true,"href":"https:\/\/blogdorogeriogomes.com.br\/noticias\/wp-json\/wp\/v2\/users\/1"}],"replies":[{"embeddable":true,"href":"https:\/\/blogdorogeriogomes.com.br\/noticias\/wp-json\/wp\/v2\/comments?post=8268"}],"version-history":[{"count":1,"href":"https:\/\/blogdorogeriogomes.com.br\/noticias\/wp-json\/wp\/v2\/posts\/8268\/revisions"}],"predecessor-version":[{"id":8270,"href":"https:\/\/blogdorogeriogomes.com.br\/noticias\/wp-json\/wp\/v2\/posts\/8268\/revisions\/8270"}],"wp:attachment":[{"href":"https:\/\/blogdorogeriogomes.com.br\/noticias\/wp-json\/wp\/v2\/media?parent=8268"}],"wp:term":[{"taxonomy":"category","embeddable":true,"href":"https:\/\/blogdorogeriogomes.com.br\/noticias\/wp-json\/wp\/v2\/categories?post=8268"},{"taxonomy":"post_tag","embeddable":true,"href":"https:\/\/blogdorogeriogomes.com.br\/noticias\/wp-json\/wp\/v2\/tags?post=8268"}],"curies":[{"name":"wp","href":"https:\/\/api.w.org\/{rel}","templated":true}]}}