{"id":8271,"date":"2018-02-23T09:10:11","date_gmt":"2018-02-23T09:10:11","guid":{"rendered":"http:\/\/blogdorogeriogomes.com.br\/?p=8271"},"modified":"2018-02-23T09:10:11","modified_gmt":"2018-02-23T09:10:11","slug":"ministro-da-fazenda-henrique-meirelles-faz-palestra-para-empresarios-em-fortaleza","status":"publish","type":"post","link":"https:\/\/blogdorogeriogomes.com.br\/noticias\/2018\/02\/ministro-da-fazenda-henrique-meirelles-faz-palestra-para-empresarios-em-fortaleza\/","title":{"rendered":"Ministro da Fazenda, Henrique Meirelles, faz palestra para empres\u00e1rios em Fortaleza"},"content":{"rendered":"<p><img loading=\"lazy\" decoding=\"async\" class=\"alignnone size-full wp-image-8272\" src=\"http:\/\/blogdorogeriogomes.com.br\/wp-content\/uploads\/2018\/02\/images-29.jpeg\" alt=\"images (29)\" width=\"275\" height=\"183\" \/><\/p>\n<p><span style=\"font-weight: 400;\">Ainda cotado como pr\u00e9 candidato \u00e0 Presid\u00eancia da Rep\u00fablica este ano, o ministro da Fazenda, Henrique Meirelles, est\u00e1 em Fortaleza. Ela far\u00e1 uma palestra nesta sexta-feira, dia 23 de fevereiro, a empres\u00e1rios cearenses e at\u00e9 de outros estados no Hotel Grand Marquise.<\/span><\/p>\n<p><span style=\"font-weight: 400;\">Entre os temas a serem abordados por Meirelles aos empres\u00e1rios est\u00e3o a agenda econ\u00f4mica do Governo Temer, os desafios de votar projetos na \u00e1rea e o adiantamento da reforma da Previd\u00eancia por causa da interven\u00e7\u00e3o federal no Rio de Janeiro.<\/span><\/p>\n<p><span style=\"font-weight: 400;\">O evento em Fortaleza \u00e9 organizado pelo Grupo de L\u00edderes Empresariais (Lide Cear\u00e1), Federa\u00e7\u00e3o das Ind\u00fastrias do Estado do Cear\u00e1 (Fiec) e C\u00e2mara de Dirigentes Lojistas (CDL Fortaleza).<\/span><span style=\"font-weight: 400;\"><br \/>\n<\/span><\/p>\n","protected":false},"excerpt":{"rendered":"<p>Ainda cotado como pr\u00e9 candidato \u00e0 Presid\u00eancia da Rep\u00fablica este ano, o ministro da Fazenda, Henrique Meirelles, est\u00e1 em Fortaleza. Ela far\u00e1 uma palestra nesta sexta-feira, dia 23 de fevereiro, a empres\u00e1rios cearenses e at\u00e9 de outros estados no Hotel Grand Marquise. Entre os temas a serem abordados por Meirelles aos empres\u00e1rios est\u00e3o a agenda econ\u00f4mica do Governo Temer, os desafios de votar projetos na \u00e1rea e o adiantamento da reforma da Previd\u00eancia por causa da interven\u00e7\u00e3o federal no&hellip;<\/p>\n","protected":false},"author":1,"featured_media":0,"comment_status":"open","ping_status":"open","sticky":false,"template":"","format":"standard","meta":{"footnotes":""},"categories":[1],"tags":[],"class_list":["post-8271","post","type-post","status-publish","format-standard","hentry","category-noticias"],"_links":{"self":[{"href":"https:\/\/blogdorogeriogomes.com.br\/noticias\/wp-json\/wp\/v2\/posts\/8271","targetHints":{"allow":["GET"]}}],"collection":[{"href":"https:\/\/blogdorogeriogomes.com.br\/noticias\/wp-json\/wp\/v2\/posts"}],"about":[{"href":"https:\/\/blogdorogeriogomes.com.br\/noticias\/wp-json\/wp\/v2\/types\/post"}],"author":[{"embeddable":true,"href":"https:\/\/blogdorogeriogomes.com.br\/noticias\/wp-json\/wp\/v2\/users\/1"}],"replies":[{"embeddable":true,"href":"https:\/\/blogdorogeriogomes.com.br\/noticias\/wp-json\/wp\/v2\/comments?post=8271"}],"version-history":[{"count":1,"href":"https:\/\/blogdorogeriogomes.com.br\/noticias\/wp-json\/wp\/v2\/posts\/8271\/revisions"}],"predecessor-version":[{"id":8273,"href":"https:\/\/blogdorogeriogomes.com.br\/noticias\/wp-json\/wp\/v2\/posts\/8271\/revisions\/8273"}],"wp:attachment":[{"href":"https:\/\/blogdorogeriogomes.com.br\/noticias\/wp-json\/wp\/v2\/media?parent=8271"}],"wp:term":[{"taxonomy":"category","embeddable":true,"href":"https:\/\/blogdorogeriogomes.com.br\/noticias\/wp-json\/wp\/v2\/categories?post=8271"},{"taxonomy":"post_tag","embeddable":true,"href":"https:\/\/blogdorogeriogomes.com.br\/noticias\/wp-json\/wp\/v2\/tags?post=8271"}],"curies":[{"name":"wp","href":"https:\/\/api.w.org\/{rel}","templated":true}]}}