{"id":8280,"date":"2018-02-23T18:20:19","date_gmt":"2018-02-23T18:20:19","guid":{"rendered":"http:\/\/blogdorogeriogomes.com.br\/?p=8280"},"modified":"2018-02-23T18:20:19","modified_gmt":"2018-02-23T18:20:19","slug":"acoes-de-eunicio-oliveira-deixam-o-senador-cada-vez-mais-proximo-de-camilo-e-roberto-claudio","status":"publish","type":"post","link":"https:\/\/blogdorogeriogomes.com.br\/noticias\/2018\/02\/acoes-de-eunicio-oliveira-deixam-o-senador-cada-vez-mais-proximo-de-camilo-e-roberto-claudio\/","title":{"rendered":"A\u00e7\u00f5es de Eun\u00edcio Oliveira deixam o senador cada vez mais pr\u00f3ximo de Camilo e Roberto Cl\u00e1udio"},"content":{"rendered":"<p><img loading=\"lazy\" decoding=\"async\" class=\"alignnone size-medium wp-image-8281\" src=\"http:\/\/blogdorogeriogomes.com.br\/wp-content\/uploads\/2018\/02\/1811PO1310-300x200.jpg\" alt=\"1811PO1310\" width=\"300\" height=\"200\" srcset=\"https:\/\/blogdorogeriogomes.com.br\/noticias\/wp-content\/uploads\/2018\/02\/1811PO1310-300x200.jpg 300w, https:\/\/blogdorogeriogomes.com.br\/noticias\/wp-content\/uploads\/2018\/02\/1811PO1310.jpg 500w\" sizes=\"auto, (max-width: 300px) 100vw, 300px\" \/><\/p>\n<p>O senador Eun\u00edcio Oliveira deu mais uma demonstra\u00e7\u00e3o de alian\u00e7a com o governador do Cear\u00e1, Camilo Santana e o prefeito de Fortaleza, Roberto Cl\u00e1udio.<br \/>\nO Governo Federal anunciou, nesta sexta-feira, dia 23 de fevereiro, durante solenidade no Pal\u00e1cio da Aboli\u00e7\u00e3o, a libera\u00e7\u00e3o de R$ 1 bilh\u00e3o e 731 milh\u00f5es de reais para investimentos em obras de infraestrutura na Capital e no interior do Estado. Na a\u00e7\u00e3o, at\u00e9 o prefeito de Sobral, Ivo Gomes, saiu beneficiado.<br \/>\nParticiparam da assinatura dos financiamentos o governador Camilo Santana, o presidente do Senado Federal, Eun\u00edcio Oliveira, e o ministro das Cidades, Alexandre Baldy. O Cear\u00e1 Veloz \u00e9 um conjunto de a\u00e7\u00f5es para acelerar o crescimento da economia cearense. Em Fortaleza foram garantido recursos para a requalifica\u00e7\u00e3o da avenida Beira Mar e da conclus\u00e3o do Projeto Vila do Mar, que contempla moradores sem teto e de antigas \u00e1reas de risco.<br \/>\n&#8220;O interior do Cear\u00e1 tamb\u00e9m ser\u00e1 contemplado com obras de saneamento e a constru\u00e7\u00e3o de casas em \u00e1reas rurais dos munic\u00edpios&#8221;, revelou Alexandre Baldy, ministro das Cidades.<br \/>\nNo total, o Governo Federal est\u00e1 liberando um total de R$ 1 bilh\u00e3o e 731 milh\u00f5es de reais para investimentos que v\u00e3o beneficiar n\u00e3o s\u00f3 a Capital como munic\u00edpios do interior do Estado.<br \/>\nO maior aporte de recursos da Uni\u00e3o est\u00e1 destinado a execu\u00e7\u00e3o da Linha Leste do Metr\u00f4 de Fortaleza. &#8220;Ser\u00e1 a garantia da retomada dos servi\u00e7os que hoje est\u00e3o paralisados&#8221;, ressaltou Camilo Santana, governador do Cear\u00e1.<br \/>\nA libera\u00e7\u00e3o dos financiamentos do Governo Federal e tamb\u00e9m de empr\u00e9stimos internacionais para o Estado e Munic\u00edpio s\u00f3 foram poss\u00edveis ap\u00f3s a aprova\u00e7\u00e3o do Senado Federal.<\/p>\n<p>&nbsp;<\/p>\n","protected":false},"excerpt":{"rendered":"<p>O senador Eun\u00edcio Oliveira deu mais uma demonstra\u00e7\u00e3o de alian\u00e7a com o governador do Cear\u00e1, Camilo Santana e o prefeito de Fortaleza, Roberto Cl\u00e1udio. O Governo Federal anunciou, nesta sexta-feira, dia 23 de fevereiro, durante solenidade no Pal\u00e1cio da Aboli\u00e7\u00e3o, a libera\u00e7\u00e3o de R$ 1 bilh\u00e3o e 731 milh\u00f5es de reais para investimentos em obras de infraestrutura na Capital e no interior do Estado. Na a\u00e7\u00e3o, at\u00e9 o prefeito de Sobral, Ivo Gomes, saiu beneficiado. Participaram da assinatura dos&hellip;<\/p>\n","protected":false},"author":1,"featured_media":0,"comment_status":"open","ping_status":"open","sticky":false,"template":"","format":"standard","meta":{"footnotes":""},"categories":[1],"tags":[],"class_list":["post-8280","post","type-post","status-publish","format-standard","hentry","category-noticias"],"_links":{"self":[{"href":"https:\/\/blogdorogeriogomes.com.br\/noticias\/wp-json\/wp\/v2\/posts\/8280","targetHints":{"allow":["GET"]}}],"collection":[{"href":"https:\/\/blogdorogeriogomes.com.br\/noticias\/wp-json\/wp\/v2\/posts"}],"about":[{"href":"https:\/\/blogdorogeriogomes.com.br\/noticias\/wp-json\/wp\/v2\/types\/post"}],"author":[{"embeddable":true,"href":"https:\/\/blogdorogeriogomes.com.br\/noticias\/wp-json\/wp\/v2\/users\/1"}],"replies":[{"embeddable":true,"href":"https:\/\/blogdorogeriogomes.com.br\/noticias\/wp-json\/wp\/v2\/comments?post=8280"}],"version-history":[{"count":1,"href":"https:\/\/blogdorogeriogomes.com.br\/noticias\/wp-json\/wp\/v2\/posts\/8280\/revisions"}],"predecessor-version":[{"id":8282,"href":"https:\/\/blogdorogeriogomes.com.br\/noticias\/wp-json\/wp\/v2\/posts\/8280\/revisions\/8282"}],"wp:attachment":[{"href":"https:\/\/blogdorogeriogomes.com.br\/noticias\/wp-json\/wp\/v2\/media?parent=8280"}],"wp:term":[{"taxonomy":"category","embeddable":true,"href":"https:\/\/blogdorogeriogomes.com.br\/noticias\/wp-json\/wp\/v2\/categories?post=8280"},{"taxonomy":"post_tag","embeddable":true,"href":"https:\/\/blogdorogeriogomes.com.br\/noticias\/wp-json\/wp\/v2\/tags?post=8280"}],"curies":[{"name":"wp","href":"https:\/\/api.w.org\/{rel}","templated":true}]}}