{"id":8289,"date":"2018-02-24T12:36:38","date_gmt":"2018-02-24T12:36:38","guid":{"rendered":"http:\/\/blogdorogeriogomes.com.br\/?p=8289"},"modified":"2018-02-24T12:36:38","modified_gmt":"2018-02-24T12:36:38","slug":"regulamentacao-do-uber-sera-tema-de-reuniao-de-roberto-claudio-em-brasilia","status":"publish","type":"post","link":"https:\/\/blogdorogeriogomes.com.br\/noticias\/2018\/02\/regulamentacao-do-uber-sera-tema-de-reuniao-de-roberto-claudio-em-brasilia\/","title":{"rendered":"Regulamenta\u00e7\u00e3o do Uber ser\u00e1 tema de reuni\u00e3o de Roberto Cl\u00e1udio em Bras\u00edlia"},"content":{"rendered":"<p><img loading=\"lazy\" decoding=\"async\" class=\"alignnone size-medium wp-image-8290\" src=\"http:\/\/blogdorogeriogomes.com.br\/wp-content\/uploads\/2018\/02\/images-30-300x180.jpeg\" alt=\"images (30)\" width=\"300\" height=\"180\" srcset=\"https:\/\/blogdorogeriogomes.com.br\/noticias\/wp-content\/uploads\/2018\/02\/images-30-300x180.jpeg 300w, https:\/\/blogdorogeriogomes.com.br\/noticias\/wp-content\/uploads\/2018\/02\/images-30.jpeg 495w\" sizes=\"auto, (max-width: 300px) 100vw, 300px\" \/><\/p>\n<p><span style=\"font-weight: 400;\">O prefeito de Fortaleza, Roberto Cl\u00e1udio, estar\u00e1 em Bras\u00edlia na quarta-feira, dia 28 de fevereiro, para uma reuni\u00e3o sobre regulamenta\u00e7\u00e3o federal dos aplicativos de transporte, como o Uber. Roberto Cl\u00e1udio quer uma defini\u00e7\u00e3o da Lei Federal para resolver a legaliza\u00e7\u00e3o do aplicativo na Capital, que hoje circula amparada em uma liminar da Justi\u00e7a.<\/span><\/p>\n<p><span style=\"font-weight: 400;\">Na quinta-feira, dia 1\u00ba de mar\u00e7o, h\u00e1 inclusive uma reuni\u00e3o agendada com o Sindicato dos Taxistas do Cear\u00e1 (Sinditaxi) para discutir o tema. A categoria solicita a cria\u00e7\u00e3o de novas vagas e a regulamenta\u00e7\u00e3o do aplicativo Uber para evitar a concorr\u00eancia desleal, j\u00e1 que hoje o motorista do Uber n\u00e3o paga imposto ou nenhum tipo de obriga\u00e7\u00e3o tribut\u00e1ria ao Munic\u00edpio. Em rela\u00e7\u00e3o aos regulamentados, Fortaleza tem hoje 4.800 vagas de t\u00e1xi.<\/span><span style=\"font-weight: 400;\"><br \/>\n<\/span><\/p>\n","protected":false},"excerpt":{"rendered":"<p>O prefeito de Fortaleza, Roberto Cl\u00e1udio, estar\u00e1 em Bras\u00edlia na quarta-feira, dia 28 de fevereiro, para uma reuni\u00e3o sobre regulamenta\u00e7\u00e3o federal dos aplicativos de transporte, como o Uber. Roberto Cl\u00e1udio quer uma defini\u00e7\u00e3o da Lei Federal para resolver a legaliza\u00e7\u00e3o do aplicativo na Capital, que hoje circula amparada em uma liminar da Justi\u00e7a. Na quinta-feira, dia 1\u00ba de mar\u00e7o, h\u00e1 inclusive uma reuni\u00e3o agendada com o Sindicato dos Taxistas do Cear\u00e1 (Sinditaxi) para discutir o tema. A categoria solicita&hellip;<\/p>\n","protected":false},"author":1,"featured_media":0,"comment_status":"open","ping_status":"open","sticky":false,"template":"","format":"standard","meta":{"footnotes":""},"categories":[1],"tags":[],"class_list":["post-8289","post","type-post","status-publish","format-standard","hentry","category-noticias"],"_links":{"self":[{"href":"https:\/\/blogdorogeriogomes.com.br\/noticias\/wp-json\/wp\/v2\/posts\/8289","targetHints":{"allow":["GET"]}}],"collection":[{"href":"https:\/\/blogdorogeriogomes.com.br\/noticias\/wp-json\/wp\/v2\/posts"}],"about":[{"href":"https:\/\/blogdorogeriogomes.com.br\/noticias\/wp-json\/wp\/v2\/types\/post"}],"author":[{"embeddable":true,"href":"https:\/\/blogdorogeriogomes.com.br\/noticias\/wp-json\/wp\/v2\/users\/1"}],"replies":[{"embeddable":true,"href":"https:\/\/blogdorogeriogomes.com.br\/noticias\/wp-json\/wp\/v2\/comments?post=8289"}],"version-history":[{"count":1,"href":"https:\/\/blogdorogeriogomes.com.br\/noticias\/wp-json\/wp\/v2\/posts\/8289\/revisions"}],"predecessor-version":[{"id":8291,"href":"https:\/\/blogdorogeriogomes.com.br\/noticias\/wp-json\/wp\/v2\/posts\/8289\/revisions\/8291"}],"wp:attachment":[{"href":"https:\/\/blogdorogeriogomes.com.br\/noticias\/wp-json\/wp\/v2\/media?parent=8289"}],"wp:term":[{"taxonomy":"category","embeddable":true,"href":"https:\/\/blogdorogeriogomes.com.br\/noticias\/wp-json\/wp\/v2\/categories?post=8289"},{"taxonomy":"post_tag","embeddable":true,"href":"https:\/\/blogdorogeriogomes.com.br\/noticias\/wp-json\/wp\/v2\/tags?post=8289"}],"curies":[{"name":"wp","href":"https:\/\/api.w.org\/{rel}","templated":true}]}}