{"id":8292,"date":"2018-02-26T09:00:18","date_gmt":"2018-02-26T09:00:18","guid":{"rendered":"http:\/\/blogdorogeriogomes.com.br\/?p=8292"},"modified":"2018-02-26T09:00:18","modified_gmt":"2018-02-26T09:00:18","slug":"temer-cria-ministerio-da-seguranca-publica-atraves-de-medida-provisoria","status":"publish","type":"post","link":"https:\/\/blogdorogeriogomes.com.br\/noticias\/2018\/02\/temer-cria-ministerio-da-seguranca-publica-atraves-de-medida-provisoria\/","title":{"rendered":"Temer cria Minist\u00e9rio da Seguran\u00e7a P\u00fablica atrav\u00e9s de Medida Provis\u00f3ria"},"content":{"rendered":"<p><img loading=\"lazy\" decoding=\"async\" class=\"alignnone size-medium wp-image-8293\" src=\"http:\/\/blogdorogeriogomes.com.br\/wp-content\/uploads\/2018\/02\/o-presidente-da-republica-michel-temer-mdb-se-reune-com-aliados-no-palacio-do-jaburu-1519601501141_615x300-300x146.jpg\" alt=\"o-presidente-da-republica-michel-temer-mdb-se-reune-com-aliados-no-palacio-do-jaburu-1519601501141_615x300\" width=\"300\" height=\"146\" srcset=\"https:\/\/blogdorogeriogomes.com.br\/noticias\/wp-content\/uploads\/2018\/02\/o-presidente-da-republica-michel-temer-mdb-se-reune-com-aliados-no-palacio-do-jaburu-1519601501141_615x300-300x146.jpg 300w, https:\/\/blogdorogeriogomes.com.br\/noticias\/wp-content\/uploads\/2018\/02\/o-presidente-da-republica-michel-temer-mdb-se-reune-com-aliados-no-palacio-do-jaburu-1519601501141_615x300.jpg 615w\" sizes=\"auto, (max-width: 300px) 100vw, 300px\" \/><\/p>\n<p><span style=\"font-weight: 400;\">O Minist\u00e9rio da Seguran\u00e7a P\u00fablica ser\u00e1 oficialmente criado nesta segunda-feira, dia 26 de fevereiro, por meio de medida provis\u00f3ria. A pasta ter\u00e1 validade imediata a partir da publica\u00e7\u00e3o no &#8220;Di\u00e1rio Oficial da Uni\u00e3o&#8221;, mas precisa ser aprovada pelo Congresso Nacional em at\u00e9 60 dias, prorrog\u00e1veis pelo mesmo per\u00edodo.<\/span><span style=\"font-weight: 400;\"><br \/>\n<\/span><span style=\"font-weight: 400;\">Os detalhes sobre a cria\u00e7\u00e3o do novo Minist\u00e9rio foram acertados em reuni\u00e3o do presidente da Rep\u00fablica, Michel Temer, com ministros no Pal\u00e1cio do Jaburu, em Bras\u00edlia.<\/span><\/p>\n<p><span style=\"font-weight: 400;\">O novo minist\u00e9rio deve ter uma estrutura enxuta. Ser\u00e3o transferidos do Minist\u00e9rio da Justi\u00e7a para a nova pasta a Pol\u00edcia Federal, Pol\u00edcia Rodovi\u00e1ria Federal, o Departamento Penitenci\u00e1rio Nacional e a Secretaria Nacional de Seguran\u00e7a P\u00fablica. Ainda n\u00e3o h\u00e1 uma defini\u00e7\u00e3o de quem comandar\u00e1 a pasta. <\/span><\/p>\n","protected":false},"excerpt":{"rendered":"<p>O Minist\u00e9rio da Seguran\u00e7a P\u00fablica ser\u00e1 oficialmente criado nesta segunda-feira, dia 26 de fevereiro, por meio de medida provis\u00f3ria. A pasta ter\u00e1 validade imediata a partir da publica\u00e7\u00e3o no &#8220;Di\u00e1rio Oficial da Uni\u00e3o&#8221;, mas precisa ser aprovada pelo Congresso Nacional em at\u00e9 60 dias, prorrog\u00e1veis pelo mesmo per\u00edodo. Os detalhes sobre a cria\u00e7\u00e3o do novo Minist\u00e9rio foram acertados em reuni\u00e3o do presidente da Rep\u00fablica, Michel Temer, com ministros no Pal\u00e1cio do Jaburu, em Bras\u00edlia. O novo minist\u00e9rio deve ter&hellip;<\/p>\n","protected":false},"author":1,"featured_media":0,"comment_status":"open","ping_status":"open","sticky":false,"template":"","format":"standard","meta":{"footnotes":""},"categories":[1],"tags":[],"class_list":["post-8292","post","type-post","status-publish","format-standard","hentry","category-noticias"],"_links":{"self":[{"href":"https:\/\/blogdorogeriogomes.com.br\/noticias\/wp-json\/wp\/v2\/posts\/8292","targetHints":{"allow":["GET"]}}],"collection":[{"href":"https:\/\/blogdorogeriogomes.com.br\/noticias\/wp-json\/wp\/v2\/posts"}],"about":[{"href":"https:\/\/blogdorogeriogomes.com.br\/noticias\/wp-json\/wp\/v2\/types\/post"}],"author":[{"embeddable":true,"href":"https:\/\/blogdorogeriogomes.com.br\/noticias\/wp-json\/wp\/v2\/users\/1"}],"replies":[{"embeddable":true,"href":"https:\/\/blogdorogeriogomes.com.br\/noticias\/wp-json\/wp\/v2\/comments?post=8292"}],"version-history":[{"count":1,"href":"https:\/\/blogdorogeriogomes.com.br\/noticias\/wp-json\/wp\/v2\/posts\/8292\/revisions"}],"predecessor-version":[{"id":8294,"href":"https:\/\/blogdorogeriogomes.com.br\/noticias\/wp-json\/wp\/v2\/posts\/8292\/revisions\/8294"}],"wp:attachment":[{"href":"https:\/\/blogdorogeriogomes.com.br\/noticias\/wp-json\/wp\/v2\/media?parent=8292"}],"wp:term":[{"taxonomy":"category","embeddable":true,"href":"https:\/\/blogdorogeriogomes.com.br\/noticias\/wp-json\/wp\/v2\/categories?post=8292"},{"taxonomy":"post_tag","embeddable":true,"href":"https:\/\/blogdorogeriogomes.com.br\/noticias\/wp-json\/wp\/v2\/tags?post=8292"}],"curies":[{"name":"wp","href":"https:\/\/api.w.org\/{rel}","templated":true}]}}