{"id":8299,"date":"2018-02-26T20:56:59","date_gmt":"2018-02-26T20:56:59","guid":{"rendered":"http:\/\/blogdorogeriogomes.com.br\/?p=8299"},"modified":"2018-02-26T20:56:59","modified_gmt":"2018-02-26T20:56:59","slug":"proposta-de-regulamentacao-de-aplicativos-desagrada-motoristas-do-uber-e-99pop","status":"publish","type":"post","link":"https:\/\/blogdorogeriogomes.com.br\/noticias\/2018\/02\/proposta-de-regulamentacao-de-aplicativos-desagrada-motoristas-do-uber-e-99pop\/","title":{"rendered":"Proposta de regulamenta\u00e7\u00e3o de aplicativos desagrada motoristas do Uber e 99pop"},"content":{"rendered":"<p><img loading=\"lazy\" decoding=\"async\" class=\"alignnone size-medium wp-image-8300\" src=\"http:\/\/blogdorogeriogomes.com.br\/wp-content\/uploads\/2018\/02\/images-31-300x146.jpeg\" alt=\"images (31)\" width=\"300\" height=\"146\" srcset=\"https:\/\/blogdorogeriogomes.com.br\/noticias\/wp-content\/uploads\/2018\/02\/images-31-300x146.jpeg 300w, https:\/\/blogdorogeriogomes.com.br\/noticias\/wp-content\/uploads\/2018\/02\/images-31.jpeg 549w\" sizes=\"auto, (max-width: 300px) 100vw, 300px\" \/><\/p>\n<p><span style=\"font-weight: 400;\">A regulamenta\u00e7\u00e3o nacional dos aplicativos de transporte entra na pauta da C\u00e2mara dos Deputados, nesta ter\u00e7a-feira, dia 27 de fevereiro. Mas a proposta que ser\u00e1 analisada n\u00e3o agrada nem um pouco os motoristas que atuam no setor.<\/span><\/p>\n<p><span style=\"font-weight: 400;\">Em dezembro do ano passado, o projeto de lei que regulamenta os aplicativos foi votado e aprovado no Senado Federal, com emendas que beneficiariam os motoristas. Agora, a C\u00e2mara quer retomar o projeto original, que imp\u00f5e a obrigatoriedade de placa vermelha, de autoriza\u00e7\u00e3o perante a prefeitura de cada cidade e de carro registrado no nome do motorista. As mudan\u00e7as aproximariam os novos servi\u00e7os do modelo dos t\u00e1xis convencionais.<\/span><\/p>\n<p><span style=\"font-weight: 400;\">Nesta segunda-feira, motoristas de Uber e 99pop realizaram protesto em Fortaleza e em outras capitais brasileiras para mostrar insatisfa\u00e7\u00e3o com a proposta que foi classificada como &#8220;Lei do Retrocesso&#8221;. Os cr\u00edticos do projeto consideram que as mudan\u00e7as inviabilizam servi\u00e7os como Uber e 99pop.<\/span><\/p>\n","protected":false},"excerpt":{"rendered":"<p>A regulamenta\u00e7\u00e3o nacional dos aplicativos de transporte entra na pauta da C\u00e2mara dos Deputados, nesta ter\u00e7a-feira, dia 27 de fevereiro. Mas a proposta que ser\u00e1 analisada n\u00e3o agrada nem um pouco os motoristas que atuam no setor. Em dezembro do ano passado, o projeto de lei que regulamenta os aplicativos foi votado e aprovado no Senado Federal, com emendas que beneficiariam os motoristas. Agora, a C\u00e2mara quer retomar o projeto original, que imp\u00f5e a obrigatoriedade de placa vermelha, de&hellip;<\/p>\n","protected":false},"author":1,"featured_media":0,"comment_status":"open","ping_status":"open","sticky":false,"template":"","format":"standard","meta":{"footnotes":""},"categories":[1],"tags":[],"class_list":["post-8299","post","type-post","status-publish","format-standard","hentry","category-noticias"],"_links":{"self":[{"href":"https:\/\/blogdorogeriogomes.com.br\/noticias\/wp-json\/wp\/v2\/posts\/8299","targetHints":{"allow":["GET"]}}],"collection":[{"href":"https:\/\/blogdorogeriogomes.com.br\/noticias\/wp-json\/wp\/v2\/posts"}],"about":[{"href":"https:\/\/blogdorogeriogomes.com.br\/noticias\/wp-json\/wp\/v2\/types\/post"}],"author":[{"embeddable":true,"href":"https:\/\/blogdorogeriogomes.com.br\/noticias\/wp-json\/wp\/v2\/users\/1"}],"replies":[{"embeddable":true,"href":"https:\/\/blogdorogeriogomes.com.br\/noticias\/wp-json\/wp\/v2\/comments?post=8299"}],"version-history":[{"count":1,"href":"https:\/\/blogdorogeriogomes.com.br\/noticias\/wp-json\/wp\/v2\/posts\/8299\/revisions"}],"predecessor-version":[{"id":8301,"href":"https:\/\/blogdorogeriogomes.com.br\/noticias\/wp-json\/wp\/v2\/posts\/8299\/revisions\/8301"}],"wp:attachment":[{"href":"https:\/\/blogdorogeriogomes.com.br\/noticias\/wp-json\/wp\/v2\/media?parent=8299"}],"wp:term":[{"taxonomy":"category","embeddable":true,"href":"https:\/\/blogdorogeriogomes.com.br\/noticias\/wp-json\/wp\/v2\/categories?post=8299"},{"taxonomy":"post_tag","embeddable":true,"href":"https:\/\/blogdorogeriogomes.com.br\/noticias\/wp-json\/wp\/v2\/tags?post=8299"}],"curies":[{"name":"wp","href":"https:\/\/api.w.org\/{rel}","templated":true}]}}