{"id":8302,"date":"2018-02-26T21:30:05","date_gmt":"2018-02-26T21:30:05","guid":{"rendered":"http:\/\/blogdorogeriogomes.com.br\/?p=8302"},"modified":"2018-02-26T21:30:05","modified_gmt":"2018-02-26T21:30:05","slug":"pgr-rescinde-delacao-premiada-de-wesley-batista","status":"publish","type":"post","link":"https:\/\/blogdorogeriogomes.com.br\/noticias\/2018\/02\/pgr-rescinde-delacao-premiada-de-wesley-batista\/","title":{"rendered":"PGR rescinde dela\u00e7\u00e3o premiada de Wesley Batista"},"content":{"rendered":"<p><img loading=\"lazy\" decoding=\"async\" class=\"alignnone size-medium wp-image-8304\" src=\"http:\/\/blogdorogeriogomes.com.br\/wp-content\/uploads\/2018\/02\/IMG_20180226_183144-300x226.jpg\" alt=\"IMG_20180226_183144\" width=\"300\" height=\"226\" srcset=\"https:\/\/blogdorogeriogomes.com.br\/noticias\/wp-content\/uploads\/2018\/02\/IMG_20180226_183144-300x226.jpg 300w, https:\/\/blogdorogeriogomes.com.br\/noticias\/wp-content\/uploads\/2018\/02\/IMG_20180226_183144-768x578.jpg 768w, https:\/\/blogdorogeriogomes.com.br\/noticias\/wp-content\/uploads\/2018\/02\/IMG_20180226_183144.jpg 851w\" sizes=\"auto, (max-width: 300px) 100vw, 300px\" \/><\/p>\n<p><span style=\"font-weight: 400;\">Os irm\u00e3os Batista caminham para perder qualquer benef\u00edcio por ter praticado a dela\u00e7\u00e3o premiada na investiga\u00e7\u00e3o do pagamento de propina a pol\u00edticos em Bras\u00edlia.<\/span><\/p>\n<p><span style=\"font-weight: 400;\">A procuradora-geral da Rep\u00fablica, Raquel Dodge, decidiu rescindir os acordos de dela\u00e7\u00e3o premiada de Wesley Batista, um dos donos da JBS, e Francisco de Assis e Silva, diretor jur\u00eddico da Holding J&amp;F.<\/span><span style=\"font-weight: 400;\"><br \/>\n<\/span><span style=\"font-weight: 400;\">No ano passado, o ex-procurador-geral Rodrigo Janot j\u00e1 havia se manifestado pela rescis\u00e3o dos acordos de Joesley Batista e Ricardo Saud, ex-diretor da J&amp;F, que controla a JBS.<\/span><span style=\"font-weight: 400;\"><br \/>\n<\/span><span style=\"font-weight: 400;\">A rescis\u00e3o dos acordos dos quatro depende agora de homologa\u00e7\u00e3o do ministro Edson Fachin, relator do caso no Supremo Tribunal Federal.<\/span><\/p>\n","protected":false},"excerpt":{"rendered":"<p>Os irm\u00e3os Batista caminham para perder qualquer benef\u00edcio por ter praticado a dela\u00e7\u00e3o premiada na investiga\u00e7\u00e3o do pagamento de propina a pol\u00edticos em Bras\u00edlia. A procuradora-geral da Rep\u00fablica, Raquel Dodge, decidiu rescindir os acordos de dela\u00e7\u00e3o premiada de Wesley Batista, um dos donos da JBS, e Francisco de Assis e Silva, diretor jur\u00eddico da Holding J&amp;F. No ano passado, o ex-procurador-geral Rodrigo Janot j\u00e1 havia se manifestado pela rescis\u00e3o dos acordos de Joesley Batista e Ricardo Saud, ex-diretor da&hellip;<\/p>\n","protected":false},"author":1,"featured_media":0,"comment_status":"open","ping_status":"open","sticky":false,"template":"","format":"standard","meta":{"footnotes":""},"categories":[1],"tags":[],"class_list":["post-8302","post","type-post","status-publish","format-standard","hentry","category-noticias"],"_links":{"self":[{"href":"https:\/\/blogdorogeriogomes.com.br\/noticias\/wp-json\/wp\/v2\/posts\/8302","targetHints":{"allow":["GET"]}}],"collection":[{"href":"https:\/\/blogdorogeriogomes.com.br\/noticias\/wp-json\/wp\/v2\/posts"}],"about":[{"href":"https:\/\/blogdorogeriogomes.com.br\/noticias\/wp-json\/wp\/v2\/types\/post"}],"author":[{"embeddable":true,"href":"https:\/\/blogdorogeriogomes.com.br\/noticias\/wp-json\/wp\/v2\/users\/1"}],"replies":[{"embeddable":true,"href":"https:\/\/blogdorogeriogomes.com.br\/noticias\/wp-json\/wp\/v2\/comments?post=8302"}],"version-history":[{"count":1,"href":"https:\/\/blogdorogeriogomes.com.br\/noticias\/wp-json\/wp\/v2\/posts\/8302\/revisions"}],"predecessor-version":[{"id":8305,"href":"https:\/\/blogdorogeriogomes.com.br\/noticias\/wp-json\/wp\/v2\/posts\/8302\/revisions\/8305"}],"wp:attachment":[{"href":"https:\/\/blogdorogeriogomes.com.br\/noticias\/wp-json\/wp\/v2\/media?parent=8302"}],"wp:term":[{"taxonomy":"category","embeddable":true,"href":"https:\/\/blogdorogeriogomes.com.br\/noticias\/wp-json\/wp\/v2\/categories?post=8302"},{"taxonomy":"post_tag","embeddable":true,"href":"https:\/\/blogdorogeriogomes.com.br\/noticias\/wp-json\/wp\/v2\/tags?post=8302"}],"curies":[{"name":"wp","href":"https:\/\/api.w.org\/{rel}","templated":true}]}}