{"id":8306,"date":"2018-02-27T09:06:38","date_gmt":"2018-02-27T09:06:38","guid":{"rendered":"http:\/\/blogdorogeriogomes.com.br\/?p=8306"},"modified":"2018-02-27T09:06:38","modified_gmt":"2018-02-27T09:06:38","slug":"afastamento-de-danilo-forte-da-base-de-camilo-causa-incomodo-no-dem","status":"publish","type":"post","link":"https:\/\/blogdorogeriogomes.com.br\/noticias\/2018\/02\/afastamento-de-danilo-forte-da-base-de-camilo-causa-incomodo-no-dem\/","title":{"rendered":"Afastamento de Danilo Forte da base de Camilo causa inc\u00f4modo no DEM"},"content":{"rendered":"<p><img loading=\"lazy\" decoding=\"async\" class=\"alignnone size-medium wp-image-8307\" src=\"http:\/\/blogdorogeriogomes.com.br\/wp-content\/uploads\/2018\/02\/unnamed-4-1-300x200.jpg\" alt=\"unnamed (4)\" width=\"300\" height=\"200\" srcset=\"https:\/\/blogdorogeriogomes.com.br\/noticias\/wp-content\/uploads\/2018\/02\/unnamed-4-1-300x200.jpg 300w, https:\/\/blogdorogeriogomes.com.br\/noticias\/wp-content\/uploads\/2018\/02\/unnamed-4-1.jpg 470w\" sizes=\"auto, (max-width: 300px) 100vw, 300px\" \/><\/p>\n<p><span style=\"font-weight: 400;\">O deputado federal Danilo Forte (DEM) passou a defender interven\u00e7\u00e3o federal na seguran\u00e7a p\u00fablica do Cear\u00e1, se afastou da base de apoio do governador Camilo Santana e ficou a defender o rompimento do DEM. O resultado foi que o presidente estadual do DEM, Chiquinho Feitosa, resolveu reagir e dizer publicamente quem fala pelo partido. \u201cQuem fala pelo DEM no Estado sou eu, em parceria com Moroni Torgan, vice-prefeito de Fortaleza\u201d.<\/span><\/p>\n<p><span style=\"font-weight: 400;\">E tratou de comunicar ao governador Camilo Santana que o DEM n\u00e3o vai sair da base de apoio ao Governo. Agora, o clima de Danilo Forte no partido n\u00e3o ficou dos melhores.<\/span><\/p>\n","protected":false},"excerpt":{"rendered":"<p>O deputado federal Danilo Forte (DEM) passou a defender interven\u00e7\u00e3o federal na seguran\u00e7a p\u00fablica do Cear\u00e1, se afastou da base de apoio do governador Camilo Santana e ficou a defender o rompimento do DEM. O resultado foi que o presidente estadual do DEM, Chiquinho Feitosa, resolveu reagir e dizer publicamente quem fala pelo partido. \u201cQuem fala pelo DEM no Estado sou eu, em parceria com Moroni Torgan, vice-prefeito de Fortaleza\u201d. E tratou de comunicar ao governador Camilo Santana que&hellip;<\/p>\n","protected":false},"author":1,"featured_media":0,"comment_status":"open","ping_status":"open","sticky":false,"template":"","format":"standard","meta":{"footnotes":""},"categories":[1],"tags":[],"class_list":["post-8306","post","type-post","status-publish","format-standard","hentry","category-noticias"],"_links":{"self":[{"href":"https:\/\/blogdorogeriogomes.com.br\/noticias\/wp-json\/wp\/v2\/posts\/8306","targetHints":{"allow":["GET"]}}],"collection":[{"href":"https:\/\/blogdorogeriogomes.com.br\/noticias\/wp-json\/wp\/v2\/posts"}],"about":[{"href":"https:\/\/blogdorogeriogomes.com.br\/noticias\/wp-json\/wp\/v2\/types\/post"}],"author":[{"embeddable":true,"href":"https:\/\/blogdorogeriogomes.com.br\/noticias\/wp-json\/wp\/v2\/users\/1"}],"replies":[{"embeddable":true,"href":"https:\/\/blogdorogeriogomes.com.br\/noticias\/wp-json\/wp\/v2\/comments?post=8306"}],"version-history":[{"count":1,"href":"https:\/\/blogdorogeriogomes.com.br\/noticias\/wp-json\/wp\/v2\/posts\/8306\/revisions"}],"predecessor-version":[{"id":8308,"href":"https:\/\/blogdorogeriogomes.com.br\/noticias\/wp-json\/wp\/v2\/posts\/8306\/revisions\/8308"}],"wp:attachment":[{"href":"https:\/\/blogdorogeriogomes.com.br\/noticias\/wp-json\/wp\/v2\/media?parent=8306"}],"wp:term":[{"taxonomy":"category","embeddable":true,"href":"https:\/\/blogdorogeriogomes.com.br\/noticias\/wp-json\/wp\/v2\/categories?post=8306"},{"taxonomy":"post_tag","embeddable":true,"href":"https:\/\/blogdorogeriogomes.com.br\/noticias\/wp-json\/wp\/v2\/tags?post=8306"}],"curies":[{"name":"wp","href":"https:\/\/api.w.org\/{rel}","templated":true}]}}