{"id":8309,"date":"2018-02-27T09:24:57","date_gmt":"2018-02-27T09:24:57","guid":{"rendered":"http:\/\/blogdorogeriogomes.com.br\/?p=8309"},"modified":"2018-02-27T09:24:57","modified_gmt":"2018-02-27T09:24:57","slug":"governo-fecha-parceria-com-o-caf-que-vai-render-novos-recursos-para-a-cultura-e-turismo","status":"publish","type":"post","link":"https:\/\/blogdorogeriogomes.com.br\/noticias\/2018\/02\/governo-fecha-parceria-com-o-caf-que-vai-render-novos-recursos-para-a-cultura-e-turismo\/","title":{"rendered":"Governo fecha parceria com o CAF que vai render novos recursos para a cultura e turismo"},"content":{"rendered":"<p><img loading=\"lazy\" decoding=\"async\" class=\"alignnone size-medium wp-image-8311\" src=\"http:\/\/blogdorogeriogomes.com.br\/wp-content\/uploads\/2018\/02\/IMG_20180227_062634-300x166.jpg\" alt=\"IMG_20180227_062634\" width=\"300\" height=\"166\" srcset=\"https:\/\/blogdorogeriogomes.com.br\/noticias\/wp-content\/uploads\/2018\/02\/IMG_20180227_062634-300x166.jpg 300w, https:\/\/blogdorogeriogomes.com.br\/noticias\/wp-content\/uploads\/2018\/02\/IMG_20180227_062634-768x424.jpg 768w, https:\/\/blogdorogeriogomes.com.br\/noticias\/wp-content\/uploads\/2018\/02\/IMG_20180227_062634.jpg 806w\" sizes=\"auto, (max-width: 300px) 100vw, 300px\" \/><\/p>\n<p><span style=\"font-weight: 400;\">O Governo do Cear\u00e1 fechou uma nova parceria com representantes do Banco de Desenvolvimento da Am\u00e9rica Latina (CAF) para o investimento de US$ 124 milh\u00f5es de d\u00f3lares, sendo US$ 100 milh\u00f5es do banco, e US$ 24 milh\u00f5es de contrapartida do Estado. As \u00e1reas beneficiadas ser\u00e3o a cultura e o turismo.<\/span><\/p>\n<p><span style=\"font-weight: 400;\">Na \u00e1rea cultural, tr\u00eas projetos s\u00e3o prioridade: a constru\u00e7\u00e3o do nosso Museu da Imagem e do Som (MIS); da Esta\u00e7\u00e3o das Artes, na antiga Esta\u00e7\u00e3o Jo\u00e3o Felipe, com projeto da Pinacoteca, mercado de artes e gastronomia, em forma conectada e articulada com a Escola de Gastronomia e Hotelaria do Cear\u00e1; e o Centro Cultural do Cariri.<\/span><\/p>\n<p><span style=\"font-weight: 400;\">No turismo, os recursos do CAF v\u00e3o permitir a finaliza\u00e7\u00e3o de projetos para o setor que est\u00e3o em andamento, segundo o secret\u00e1rio Arialdo Pinho.<\/span><\/p>\n","protected":false},"excerpt":{"rendered":"<p>O Governo do Cear\u00e1 fechou uma nova parceria com representantes do Banco de Desenvolvimento da Am\u00e9rica Latina (CAF) para o investimento de US$ 124 milh\u00f5es de d\u00f3lares, sendo US$ 100 milh\u00f5es do banco, e US$ 24 milh\u00f5es de contrapartida do Estado. As \u00e1reas beneficiadas ser\u00e3o a cultura e o turismo. Na \u00e1rea cultural, tr\u00eas projetos s\u00e3o prioridade: a constru\u00e7\u00e3o do nosso Museu da Imagem e do Som (MIS); da Esta\u00e7\u00e3o das Artes, na antiga Esta\u00e7\u00e3o Jo\u00e3o Felipe, com projeto&hellip;<\/p>\n","protected":false},"author":1,"featured_media":0,"comment_status":"open","ping_status":"open","sticky":false,"template":"","format":"standard","meta":{"footnotes":""},"categories":[1],"tags":[],"class_list":["post-8309","post","type-post","status-publish","format-standard","hentry","category-noticias"],"_links":{"self":[{"href":"https:\/\/blogdorogeriogomes.com.br\/noticias\/wp-json\/wp\/v2\/posts\/8309","targetHints":{"allow":["GET"]}}],"collection":[{"href":"https:\/\/blogdorogeriogomes.com.br\/noticias\/wp-json\/wp\/v2\/posts"}],"about":[{"href":"https:\/\/blogdorogeriogomes.com.br\/noticias\/wp-json\/wp\/v2\/types\/post"}],"author":[{"embeddable":true,"href":"https:\/\/blogdorogeriogomes.com.br\/noticias\/wp-json\/wp\/v2\/users\/1"}],"replies":[{"embeddable":true,"href":"https:\/\/blogdorogeriogomes.com.br\/noticias\/wp-json\/wp\/v2\/comments?post=8309"}],"version-history":[{"count":1,"href":"https:\/\/blogdorogeriogomes.com.br\/noticias\/wp-json\/wp\/v2\/posts\/8309\/revisions"}],"predecessor-version":[{"id":8312,"href":"https:\/\/blogdorogeriogomes.com.br\/noticias\/wp-json\/wp\/v2\/posts\/8309\/revisions\/8312"}],"wp:attachment":[{"href":"https:\/\/blogdorogeriogomes.com.br\/noticias\/wp-json\/wp\/v2\/media?parent=8309"}],"wp:term":[{"taxonomy":"category","embeddable":true,"href":"https:\/\/blogdorogeriogomes.com.br\/noticias\/wp-json\/wp\/v2\/categories?post=8309"},{"taxonomy":"post_tag","embeddable":true,"href":"https:\/\/blogdorogeriogomes.com.br\/noticias\/wp-json\/wp\/v2\/tags?post=8309"}],"curies":[{"name":"wp","href":"https:\/\/api.w.org\/{rel}","templated":true}]}}