{"id":8313,"date":"2018-02-27T20:44:50","date_gmt":"2018-02-27T20:44:50","guid":{"rendered":"http:\/\/blogdorogeriogomes.com.br\/?p=8313"},"modified":"2018-02-27T20:44:50","modified_gmt":"2018-02-27T20:44:50","slug":"governadores-se-reunem-com-michel-temer-para-discutir-seguranca-nos-estados","status":"publish","type":"post","link":"https:\/\/blogdorogeriogomes.com.br\/noticias\/2018\/02\/governadores-se-reunem-com-michel-temer-para-discutir-seguranca-nos-estados\/","title":{"rendered":"Governadores se re\u00fanem com Michel Temer para discutir seguran\u00e7a nos estados"},"content":{"rendered":"<p><img loading=\"lazy\" decoding=\"async\" class=\"alignnone size-medium wp-image-8317\" src=\"http:\/\/blogdorogeriogomes.com.br\/wp-content\/uploads\/2018\/02\/images-32-300x201.jpeg\" alt=\"images (32)\" width=\"300\" height=\"201\" srcset=\"https:\/\/blogdorogeriogomes.com.br\/noticias\/wp-content\/uploads\/2018\/02\/images-32-300x201.jpeg 300w, https:\/\/blogdorogeriogomes.com.br\/noticias\/wp-content\/uploads\/2018\/02\/images-32.jpeg 469w\" sizes=\"auto, (max-width: 300px) 100vw, 300px\" \/><\/p>\n<p><span style=\"font-weight: 400;\">Os governadores de todo o Pa\u00eds se re\u00fanem \u00a0na quinta-feira, dia 1o de mar\u00e7o, em Bras\u00edlia, com o presidente Michel Temer. E o tema ser\u00e1 o refor\u00e7o das a\u00e7\u00f5es federais na seguran\u00e7a p\u00fablica. O governador Camilo Santana confirmou presen\u00e7a e promete propor no encontro a cria\u00e7\u00e3o de um sistema \u00fanico de seguran\u00e7a para financiar o setor nos estados, a exemplo do que acontece hoje com a sa\u00fade.<\/span><\/p>\n<p><span style=\"font-weight: 400;\">Camilo Santana sancionou nesta ter\u00e7a-feira, dia 27 de fevereiro, no Pal\u00e1cio da Aboli\u00e7\u00e3o, a lei que cria a Vara de Delitos de Organiza\u00e7\u00f5es Criminosas. A unidade ter\u00e1 sede em Fortaleza e abranger\u00e1 casos registrados em todo o Estado relacionados ao crime organizado.<\/span><\/p>\n<p><span style=\"font-weight: 400;\">A vara vai funcionar no F\u00f3rum Cl\u00f3vis Bevil\u00e1qua num prazo de at\u00e9 seis meses. A lei sancionada hoje pelo governador Camilo Santana cria tr\u00eas cargos de juiz e sete de servidores comissionados. <\/span><\/p>\n","protected":false},"excerpt":{"rendered":"<p>Os governadores de todo o Pa\u00eds se re\u00fanem \u00a0na quinta-feira, dia 1o de mar\u00e7o, em Bras\u00edlia, com o presidente Michel Temer. E o tema ser\u00e1 o refor\u00e7o das a\u00e7\u00f5es federais na seguran\u00e7a p\u00fablica. O governador Camilo Santana confirmou presen\u00e7a e promete propor no encontro a cria\u00e7\u00e3o de um sistema \u00fanico de seguran\u00e7a para financiar o setor nos estados, a exemplo do que acontece hoje com a sa\u00fade. Camilo Santana sancionou nesta ter\u00e7a-feira, dia 27 de fevereiro, no Pal\u00e1cio da&hellip;<\/p>\n","protected":false},"author":1,"featured_media":0,"comment_status":"open","ping_status":"open","sticky":false,"template":"","format":"standard","meta":{"footnotes":""},"categories":[1],"tags":[],"class_list":["post-8313","post","type-post","status-publish","format-standard","hentry","category-noticias"],"_links":{"self":[{"href":"https:\/\/blogdorogeriogomes.com.br\/noticias\/wp-json\/wp\/v2\/posts\/8313","targetHints":{"allow":["GET"]}}],"collection":[{"href":"https:\/\/blogdorogeriogomes.com.br\/noticias\/wp-json\/wp\/v2\/posts"}],"about":[{"href":"https:\/\/blogdorogeriogomes.com.br\/noticias\/wp-json\/wp\/v2\/types\/post"}],"author":[{"embeddable":true,"href":"https:\/\/blogdorogeriogomes.com.br\/noticias\/wp-json\/wp\/v2\/users\/1"}],"replies":[{"embeddable":true,"href":"https:\/\/blogdorogeriogomes.com.br\/noticias\/wp-json\/wp\/v2\/comments?post=8313"}],"version-history":[{"count":1,"href":"https:\/\/blogdorogeriogomes.com.br\/noticias\/wp-json\/wp\/v2\/posts\/8313\/revisions"}],"predecessor-version":[{"id":8318,"href":"https:\/\/blogdorogeriogomes.com.br\/noticias\/wp-json\/wp\/v2\/posts\/8313\/revisions\/8318"}],"wp:attachment":[{"href":"https:\/\/blogdorogeriogomes.com.br\/noticias\/wp-json\/wp\/v2\/media?parent=8313"}],"wp:term":[{"taxonomy":"category","embeddable":true,"href":"https:\/\/blogdorogeriogomes.com.br\/noticias\/wp-json\/wp\/v2\/categories?post=8313"},{"taxonomy":"post_tag","embeddable":true,"href":"https:\/\/blogdorogeriogomes.com.br\/noticias\/wp-json\/wp\/v2\/tags?post=8313"}],"curies":[{"name":"wp","href":"https:\/\/api.w.org\/{rel}","templated":true}]}}