{"id":8323,"date":"2018-02-28T08:56:07","date_gmt":"2018-02-28T08:56:07","guid":{"rendered":"http:\/\/blogdorogeriogomes.com.br\/?p=8323"},"modified":"2018-02-28T11:25:22","modified_gmt":"2018-02-28T11:25:22","slug":"com-chuvas-agua-do-castanhao-deixa-de-ser-utilizada-para-abastecer-a-capital","status":"publish","type":"post","link":"https:\/\/blogdorogeriogomes.com.br\/noticias\/2018\/02\/com-chuvas-agua-do-castanhao-deixa-de-ser-utilizada-para-abastecer-a-capital\/","title":{"rendered":"Com chuvas, \u00e1gua do Castanh\u00e3o deixa de ser utilizada para abastecer a Capital"},"content":{"rendered":"<p><img loading=\"lazy\" decoding=\"async\" class=\"alignnone size-medium wp-image-8324\" src=\"http:\/\/blogdorogeriogomes.com.br\/wp-content\/uploads\/2018\/02\/images-33-300x174.jpeg\" alt=\"images (33)\" width=\"300\" height=\"174\" srcset=\"https:\/\/blogdorogeriogomes.com.br\/noticias\/wp-content\/uploads\/2018\/02\/images-33-300x174.jpeg 300w, https:\/\/blogdorogeriogomes.com.br\/noticias\/wp-content\/uploads\/2018\/02\/images-33.jpeg 504w\" sizes=\"auto, (max-width: 300px) 100vw, 300px\" \/><\/p>\n<p><span style=\"font-weight: 400;\">Enquanto perdurar a quadra chuvosa, o a\u00e7ude Castanh\u00e3o, no munic\u00edpio de Alto Santo, na Regi\u00e3o Jaguaribana, n\u00e3o ser\u00e1 mais utilizado para complementar o abastecimento de Fortaleza e Regi\u00e3o Metropolitana. A decis\u00e3o \u00e9 do Conselho de Recursos H\u00eddricos do Cear\u00e1 (Conerh) e visa tentar recuperar o n\u00edvel do reservat\u00f3rio que ainda est\u00e1 muito baixo: apenas 2,22%.<\/span><\/p>\n<p><span style=\"font-weight: 400;\">A suspens\u00e3o no fornecimento de \u00e1gua do Castanh\u00e3o para a Capital deve ocorrer at\u00e9 1o de maio de 2018. A regi\u00e3o de Alto Santo ainda n\u00e3o foi beneficiada com muitas chuvas este ano, mas a esperan\u00e7a est\u00e1 nos rios que desaguam no Castanh\u00e3o ajudarem na recupera\u00e7\u00e3o do reservat\u00f3rio.<\/span><\/p>\n","protected":false},"excerpt":{"rendered":"<p>Enquanto perdurar a quadra chuvosa, o a\u00e7ude Castanh\u00e3o, no munic\u00edpio de Alto Santo, na Regi\u00e3o Jaguaribana, n\u00e3o ser\u00e1 mais utilizado para complementar o abastecimento de Fortaleza e Regi\u00e3o Metropolitana. A decis\u00e3o \u00e9 do Conselho de Recursos H\u00eddricos do Cear\u00e1 (Conerh) e visa tentar recuperar o n\u00edvel do reservat\u00f3rio que ainda est\u00e1 muito baixo: apenas 2,22%. A suspens\u00e3o no fornecimento de \u00e1gua do Castanh\u00e3o para a Capital deve ocorrer at\u00e9 1o de maio de 2018. A regi\u00e3o de Alto Santo&hellip;<\/p>\n","protected":false},"author":1,"featured_media":0,"comment_status":"open","ping_status":"open","sticky":false,"template":"","format":"standard","meta":{"footnotes":""},"categories":[1],"tags":[],"class_list":["post-8323","post","type-post","status-publish","format-standard","hentry","category-noticias"],"_links":{"self":[{"href":"https:\/\/blogdorogeriogomes.com.br\/noticias\/wp-json\/wp\/v2\/posts\/8323","targetHints":{"allow":["GET"]}}],"collection":[{"href":"https:\/\/blogdorogeriogomes.com.br\/noticias\/wp-json\/wp\/v2\/posts"}],"about":[{"href":"https:\/\/blogdorogeriogomes.com.br\/noticias\/wp-json\/wp\/v2\/types\/post"}],"author":[{"embeddable":true,"href":"https:\/\/blogdorogeriogomes.com.br\/noticias\/wp-json\/wp\/v2\/users\/1"}],"replies":[{"embeddable":true,"href":"https:\/\/blogdorogeriogomes.com.br\/noticias\/wp-json\/wp\/v2\/comments?post=8323"}],"version-history":[{"count":2,"href":"https:\/\/blogdorogeriogomes.com.br\/noticias\/wp-json\/wp\/v2\/posts\/8323\/revisions"}],"predecessor-version":[{"id":8329,"href":"https:\/\/blogdorogeriogomes.com.br\/noticias\/wp-json\/wp\/v2\/posts\/8323\/revisions\/8329"}],"wp:attachment":[{"href":"https:\/\/blogdorogeriogomes.com.br\/noticias\/wp-json\/wp\/v2\/media?parent=8323"}],"wp:term":[{"taxonomy":"category","embeddable":true,"href":"https:\/\/blogdorogeriogomes.com.br\/noticias\/wp-json\/wp\/v2\/categories?post=8323"},{"taxonomy":"post_tag","embeddable":true,"href":"https:\/\/blogdorogeriogomes.com.br\/noticias\/wp-json\/wp\/v2\/tags?post=8323"}],"curies":[{"name":"wp","href":"https:\/\/api.w.org\/{rel}","templated":true}]}}