{"id":8326,"date":"2018-02-28T09:10:31","date_gmt":"2018-02-28T09:10:31","guid":{"rendered":"http:\/\/blogdorogeriogomes.com.br\/?p=8326"},"modified":"2018-02-28T09:10:31","modified_gmt":"2018-02-28T09:10:31","slug":"dodge-pede-ao-stf-que-temer-tambem-seja-investigado-sobre-repasses-ao-mdb","status":"publish","type":"post","link":"https:\/\/blogdorogeriogomes.com.br\/noticias\/2018\/02\/dodge-pede-ao-stf-que-temer-tambem-seja-investigado-sobre-repasses-ao-mdb\/","title":{"rendered":"Dodge pede ao STF que Temer tamb\u00e9m seja investigado sobre repasses ao MDB"},"content":{"rendered":"<p><img loading=\"lazy\" decoding=\"async\" class=\"alignnone size-medium wp-image-8327\" src=\"http:\/\/blogdorogeriogomes.com.br\/wp-content\/uploads\/2018\/02\/Temer_Dodge_MarceloCamargo_Abr-300x168.png\" alt=\"Temer_Dodge_MarceloCamargo_Abr\" width=\"300\" height=\"168\" srcset=\"https:\/\/blogdorogeriogomes.com.br\/noticias\/wp-content\/uploads\/2018\/02\/Temer_Dodge_MarceloCamargo_Abr-300x168.png 300w, https:\/\/blogdorogeriogomes.com.br\/noticias\/wp-content\/uploads\/2018\/02\/Temer_Dodge_MarceloCamargo_Abr.png 590w\" sizes=\"auto, (max-width: 300px) 100vw, 300px\" \/><\/p>\n<p><span style=\"font-weight: 400;\">Michel Temer continua na mira do Minist\u00e9rio P\u00fablico Federal. A procuradora-geral da Rep\u00fablica, Raquel Dodge, pediu ao ministro do Supremo Tribunal Federal (STF) Edson Fachin que inclua o presidente Michel Temer no rol de investigados de um inqu\u00e9rito aberto no ano passado para apurar repasses da Odebrecht ao MDB em 2014. O caso se refere a um jantar no Pal\u00e1cio do Jaburu em maio daquele ano em que teria sido acertado o repasse il\u00edcito de R$ 10 milh\u00f5es.<\/span><span style=\"font-weight: 400;\"><br \/>\n<\/span><span style=\"font-weight: 400;\">Hoje, s\u00e3o alvos desse inqu\u00e9rito os ministros Eliseu Padilha (Casa Civil) e Moreira Franco (Secretaria-Geral da Presid\u00eancia), ambos do MDB. Na \u00e9poca de abertura da investiga\u00e7\u00e3o, o ent\u00e3o procurador-geral, Rodrigo Janot, entendeu que a Constitui\u00e7\u00e3o proibia investigar o presidente por supostos crimes anteriores ao mandato.<\/span><\/p>\n","protected":false},"excerpt":{"rendered":"<p>Michel Temer continua na mira do Minist\u00e9rio P\u00fablico Federal. A procuradora-geral da Rep\u00fablica, Raquel Dodge, pediu ao ministro do Supremo Tribunal Federal (STF) Edson Fachin que inclua o presidente Michel Temer no rol de investigados de um inqu\u00e9rito aberto no ano passado para apurar repasses da Odebrecht ao MDB em 2014. O caso se refere a um jantar no Pal\u00e1cio do Jaburu em maio daquele ano em que teria sido acertado o repasse il\u00edcito de R$ 10 milh\u00f5es. Hoje,&hellip;<\/p>\n","protected":false},"author":1,"featured_media":0,"comment_status":"open","ping_status":"open","sticky":false,"template":"","format":"standard","meta":{"footnotes":""},"categories":[1],"tags":[],"class_list":["post-8326","post","type-post","status-publish","format-standard","hentry","category-noticias"],"_links":{"self":[{"href":"https:\/\/blogdorogeriogomes.com.br\/noticias\/wp-json\/wp\/v2\/posts\/8326","targetHints":{"allow":["GET"]}}],"collection":[{"href":"https:\/\/blogdorogeriogomes.com.br\/noticias\/wp-json\/wp\/v2\/posts"}],"about":[{"href":"https:\/\/blogdorogeriogomes.com.br\/noticias\/wp-json\/wp\/v2\/types\/post"}],"author":[{"embeddable":true,"href":"https:\/\/blogdorogeriogomes.com.br\/noticias\/wp-json\/wp\/v2\/users\/1"}],"replies":[{"embeddable":true,"href":"https:\/\/blogdorogeriogomes.com.br\/noticias\/wp-json\/wp\/v2\/comments?post=8326"}],"version-history":[{"count":1,"href":"https:\/\/blogdorogeriogomes.com.br\/noticias\/wp-json\/wp\/v2\/posts\/8326\/revisions"}],"predecessor-version":[{"id":8328,"href":"https:\/\/blogdorogeriogomes.com.br\/noticias\/wp-json\/wp\/v2\/posts\/8326\/revisions\/8328"}],"wp:attachment":[{"href":"https:\/\/blogdorogeriogomes.com.br\/noticias\/wp-json\/wp\/v2\/media?parent=8326"}],"wp:term":[{"taxonomy":"category","embeddable":true,"href":"https:\/\/blogdorogeriogomes.com.br\/noticias\/wp-json\/wp\/v2\/categories?post=8326"},{"taxonomy":"post_tag","embeddable":true,"href":"https:\/\/blogdorogeriogomes.com.br\/noticias\/wp-json\/wp\/v2\/tags?post=8326"}],"curies":[{"name":"wp","href":"https:\/\/api.w.org\/{rel}","templated":true}]}}